{"id":9,"date":"2025-09-08T08:51:48","date_gmt":"2025-09-08T05:51:48","guid":{"rendered":"https:\/\/www.etappiaviisi.fi\/2-2025\/?p=9"},"modified":"2025-09-25T13:43:27","modified_gmt":"2025-09-25T10:43:27","slug":"lakeuden-etappi-avasi-uusimman-re-pisteensa-asiakkaille-kurikassa","status":"publish","type":"post","link":"https:\/\/www.etappiaviisi.fi\/2-2025\/lakeuden-etappi-avasi-uusimman-re-pisteensa-asiakkaille-kurikassa\/","title":{"rendered":"Lakeuden Etappi avasi uusimman RE-pisteens\u00e4 asiakkaille Kurikassa"},"content":{"rendered":"\n<div class=\"wp-block-columns is-layout-flex wp-container-core-columns-is-layout-9d6595d7 wp-block-columns-is-layout-flex\">\n<div class=\"wp-block-column is-layout-flow wp-block-column-is-layout-flow\">\n<figure class=\"wp-block-embed is-type-video is-provider-vimeo wp-block-embed-vimeo wp-embed-aspect-16-9 wp-has-aspect-ratio\"><div class=\"wp-block-embed__wrapper\">\n<iframe loading=\"lazy\" title=\"Tervetuloa Kurikan RE-pisteelle! 60sek\" src=\"https:\/\/player.vimeo.com\/video\/1119026364?dnt=1&amp;app_id=122963\" width=\"800\" height=\"450\" frameborder=\"0\" allow=\"autoplay; fullscreen; picture-in-picture; clipboard-write; encrypted-media; web-share\" referrerpolicy=\"strict-origin-when-cross-origin\"><\/iframe>\n<\/div><\/figure>\n\n\n\n<h4 class=\"wp-block-heading\">Kuuntele podcast aiheesta:<\/h4>\n\n\n\n<figure class=\"wp-block-audio\"><audio controls src=\"https:\/\/www.etappiaviisi.fi\/2-2025\/wp-content\/uploads\/sites\/7\/2025\/09\/Kurikan-RE-piste-AVIISI-2.mp3\"><\/audio><\/figure>\n\n\n\n<p>\u2013&nbsp;RE. -konseptin toteuttamisessa l\u00e4ht\u00f6kohtana oli asiakkaan laajat asiointimahdollisuudet ja hyv\u00e4 palvelukokemus. Olemme tuoneet korkeatasoiset arjen kiertotalouden palvelut nykyp\u00e4iv\u00e4\u00e4n uudella tavalla, asiointiymp\u00e4rist\u00f6 ja itsepalvelumahdollisuus ovat sit\u00e4, kertaa toimitusjohtaja <strong>Pekka Kontio<\/strong>.<\/p>\n\n\n\n<p>Etapin strategisena tavoitteena on Kontion mukaan ollut lis\u00e4t\u00e4 palvelujen joustavuutta ja helpottaa asukkaiden arjen kiertotaloutta, jolloin j\u00e4tteen vastaanottopisteill\u00e4 voi asioida silloin kun itselle sopii aukioloajoista riippumatta. T\u00e4m\u00e4 on osoittautunut onnistuneeksi konseptiksi my\u00f6s itsepalveluasiointim\u00e4\u00e4rien perusteella.<\/p>\n\n\n\n<p>Kurikan RE-piste sijaitsee Nummen alueella Verstastiell\u00e4 ja on korvannut vanhan j\u00e4teaseman. RE-pisteill\u00e4 saa my\u00f6s perinteist\u00e4 palvelua palveluaikoina niin halutessaan, jos ei halua k\u00e4ytt\u00e4\u00e4 itsepalvelua. Palveluajat ovat my\u00f6s samat kuin vanhalla Kurikan j\u00e4teasemalla.<\/p>\n\n\n\n<figure class=\"wp-block-image size-large\"><img loading=\"lazy\" decoding=\"async\" width=\"1024\" height=\"683\" src=\"https:\/\/www.etappiaviisi.fi\/2-2025\/wp-content\/uploads\/sites\/7\/2025\/09\/etappi_kurikka_re-piste_02-1024x683.jpg\" alt=\"\" class=\"wp-image-492\" srcset=\"https:\/\/www.etappiaviisi.fi\/2-2025\/wp-content\/uploads\/sites\/7\/2025\/09\/etappi_kurikka_re-piste_02-1024x683.jpg 1024w, https:\/\/www.etappiaviisi.fi\/2-2025\/wp-content\/uploads\/sites\/7\/2025\/09\/etappi_kurikka_re-piste_02-300x200.jpg 300w, https:\/\/www.etappiaviisi.fi\/2-2025\/wp-content\/uploads\/sites\/7\/2025\/09\/etappi_kurikka_re-piste_02-768x512.jpg 768w, https:\/\/www.etappiaviisi.fi\/2-2025\/wp-content\/uploads\/sites\/7\/2025\/09\/etappi_kurikka_re-piste_02-1536x1025.jpg 1536w\" sizes=\"(max-width: 1024px) 100vw, 1024px\" \/><\/figure>\n\n\n\n<h2 class=\"wp-block-heading\"><strong>Itsepalvelu asiakkaiden suosiossa<\/strong><\/h2>\n\n\n\n<p>RE-pisteet ovat saavuttaneet suuren suosion asiakkaiden keskuudessa varsinkin juuri itsepalvelumahdollisuuden takia. J\u00e4tteiden toimittaminen ja kierr\u00e4tt\u00e4minen on asiakkaiden kokemuksen mukaan my\u00f6s helppoa ja sujuu mukavasti katetussa tilassa, johon voi ajaa sis\u00e4\u00e4n autolla.<\/p>\n\n\n\n<p>\u2013&nbsp;Uudenlainen RE. -konsepti on otettu hienosti vastaan asiakkaiden keskuudessa ja siit\u00e4 saadaan s\u00e4\u00e4nn\u00f6llisesti jopa ylitsevuotavan hyv\u00e4\u00e4 palautetta positiivisesti yll\u00e4ttyneilt\u00e4 asiakkailta. Toki my\u00f6s tervetulleita kehitt\u00e4misideoita on saatu, Kontio toteaa.<\/p>\n\n\n\n<p>H\u00e4nen mukaansa pisteille tuodut j\u00e4tteet ovat olleet p\u00e4\u00e4s\u00e4\u00e4nt\u00f6isesti my\u00f6s hyvin lajiteltuja, eik\u00e4 tapaturmiakaan ole sattunut, vaikka asiakkaita k\u00e4y omatoimisesti kaikkina vuorokaudenaikoina. Joten Etapissa ollaan tyytyv\u00e4isi\u00e4 kokonaisuuden onnistumiseen.<\/p>\n\n\n\n<h2 class=\"wp-block-heading\"><strong>RE-appi opastaa pisteell\u00e4<\/strong><\/h2>\n\n\n\n<p>Etapin RE. -konsepti on uudenlainen toimintamalli, joka mahdollistaa itsepalveluasioinnin 24\/7 k\u00e4ytt\u00e4m\u00e4ll\u00e4 RE-appi -mobiilisovellusta. T\u00e4ll\u00f6in toimitaan Android- tai IOS-\u00e4lylaitteeseen ladattavalla RE-appi -sovelluksella. Apin voi ladata sovelluskaupasta.<\/p>\n\n\n\n<p>RE-appi neuvoo, miten RE-pisteell\u00e4 toimitaan ja opastaa viem\u00e4\u00e4n j\u00e4tteet oikeaan paikkaan paikan p\u00e4\u00e4ll\u00e4. N\u00e4in j\u00e4tteit\u00e4 voi toimittaa pisteelle silloin kun itselle sopii kellonajasta riippumatta. Sovelluksella voi my\u00f6s suunnitella k\u00e4yntins\u00e4 etuk\u00e4teen ja tarvittaessa maksaakin, jos kuormassa on maksullista j\u00e4tett\u00e4.<\/p>\n\n\n\n<p>Sovellukseen ilmoitetaan ajoneuvon rekisterinumero, jolloin portit avautuvat rekisteritunnistuksella. T\u00e4m\u00e4n j\u00e4lkeen voi ajaa sis\u00e4\u00e4n RE-pisteelle ja sovellus neuvoo, mihin pisteisiin ilmoitetut j\u00e4tteet voi vied\u00e4.<\/p>\n\n\n\n<p>RE-pisteill\u00e4 otetaan kuntien asukkailta vastaan kodin asumisessa syntyvien j\u00e4tteiden pieneri\u00e4 erikseen lajiteltuina.<\/p>\n\n\n\n<p>My\u00f6s yrityksill\u00e4, taloyhti\u00f6ill\u00e4 ja kunnilla on nykyisin mahdollisuus k\u00e4ytt\u00e4\u00e4 RE-appia ja asioida RE-pisteill\u00e4 itsepalveluna.<\/p>\n\n\n\n<figure class=\"wp-block-image size-large\"><img loading=\"lazy\" decoding=\"async\" width=\"1024\" height=\"768\" src=\"https:\/\/www.etappiaviisi.fi\/2-2025\/wp-content\/uploads\/sites\/7\/2025\/09\/IMG_0127-1024x768.jpeg\" alt=\"\" class=\"wp-image-493\" srcset=\"https:\/\/www.etappiaviisi.fi\/2-2025\/wp-content\/uploads\/sites\/7\/2025\/09\/IMG_0127-1024x768.jpeg 1024w, https:\/\/www.etappiaviisi.fi\/2-2025\/wp-content\/uploads\/sites\/7\/2025\/09\/IMG_0127-300x225.jpeg 300w, https:\/\/www.etappiaviisi.fi\/2-2025\/wp-content\/uploads\/sites\/7\/2025\/09\/IMG_0127-768x576.jpeg 768w, https:\/\/www.etappiaviisi.fi\/2-2025\/wp-content\/uploads\/sites\/7\/2025\/09\/IMG_0127-1536x1152.jpeg 1536w, https:\/\/www.etappiaviisi.fi\/2-2025\/wp-content\/uploads\/sites\/7\/2025\/09\/IMG_0127-1440x1080.jpeg 1440w, https:\/\/www.etappiaviisi.fi\/2-2025\/wp-content\/uploads\/sites\/7\/2025\/09\/IMG_0127-1280x960.jpeg 1280w, https:\/\/www.etappiaviisi.fi\/2-2025\/wp-content\/uploads\/sites\/7\/2025\/09\/IMG_0127-468x351.jpeg 468w, https:\/\/www.etappiaviisi.fi\/2-2025\/wp-content\/uploads\/sites\/7\/2025\/09\/IMG_0127-352x264.jpeg 352w\" sizes=\"(max-width: 1024px) 100vw, 1024px\" \/><\/figure>\n\n\n\n<h2 class=\"wp-block-heading\"><strong>Jatkoa seuraa RE-pisterintamalla<\/strong><\/h2>\n\n\n\n<p>Lapuan ja Kurikan RE-pisteet on skaalattu saman konseptin mukaisesti kuin isompi versionsa Sein\u00e4joella, mutta toteutuksen mittaluokka on asiointim\u00e4\u00e4riin suhteutettuna pienempi. Palvelutaso on kuitenkin yht\u00e4 laaja. RE. -konseptia tullaan edelleen laajentamaan Etapin toimialueella, Kontion mukaan suuntakin on jo selvill\u00e4. <\/p>\n\n\n\n<p>\u2013&nbsp;Tarkoitus on, ett\u00e4 jossain muodossa muutkin alueet tulevat jatkossa RE. -konseptiin mukaan. Olemme tehneet jo pohjakartoitusta asiassa ja n\u00e4ill\u00e4 n\u00e4kymin seuraava RE-piste tulee nousemaan Alavus, T\u00f6ys\u00e4, \u00c4ht\u00e4ri -suunnalle, Kontio paljastaa.<\/p>\n<\/div>\n<\/div>\n","protected":false},"excerpt":{"rendered":"<p>Lakeuden Etapin uusin RE-piste avattiin asiakkaille Kurikassa kes\u00e4kuussa. Kurikan RE-piste on j\u00e4rjestyksess\u00e4 Etapin kolmas arjen kiertotalouden palvelupiste, joka tarjoaa asiakkaille mahdollisuuden asioida my\u00f6s itsepalveluna.<\/p>\n","protected":false},"author":10,"featured_media":492,"comment_status":"closed","ping_status":"closed","sticky":false,"template":"","format":"standard","meta":{"_acf_changed":false,"footnotes":""},"categories":[14,7],"tags":[],"class_list":["post-9","post","type-post","status-publish","format-standard","has-post-thumbnail","hentry","category-re-piste","category-uusi-arjen-kiertotalous"],"acf":[],"yoast_head":"<!-- This site is optimized with the Yoast SEO plugin v27.5 - https:\/\/yoast.com\/product\/yoast-seo-wordpress\/ -->\n<title>Lakeuden Etappi avasi uusimman RE-pisteens\u00e4 asiakkaille Kurikassa - Etappi-aviisi 2\/2025<\/title>\n<meta name=\"robots\" content=\"index, follow, max-snippet:-1, max-image-preview:large, max-video-preview:-1\" \/>\n<link rel=\"canonical\" href=\"https:\/\/www.etappiaviisi.fi\/2-2025\/lakeuden-etappi-avasi-uusimman-re-pisteensa-asiakkaille-kurikassa\/\" \/>\n<meta property=\"og:locale\" content=\"fi_FI\" \/>\n<meta property=\"og:type\" content=\"article\" \/>\n<meta property=\"og:title\" content=\"Lakeuden Etappi avasi uusimman RE-pisteens\u00e4 asiakkaille Kurikassa - Etappi-aviisi 2\/2025\" \/>\n<meta property=\"og:description\" content=\"Lakeuden Etapin uusin RE-piste avattiin asiakkaille Kurikassa kes\u00e4kuussa. Kurikan RE-piste on j\u00e4rjestyksess\u00e4 Etapin kolmas arjen kiertotalouden palvelupiste, joka tarjoaa asiakkaille mahdollisuuden asioida my\u00f6s itsepalveluna.\" \/>\n<meta property=\"og:url\" content=\"https:\/\/www.etappiaviisi.fi\/2-2025\/lakeuden-etappi-avasi-uusimman-re-pisteensa-asiakkaille-kurikassa\/\" \/>\n<meta property=\"og:site_name\" content=\"Etappi-aviisi 2\/2025\" \/>\n<meta property=\"article:published_time\" content=\"2025-09-08T05:51:48+00:00\" \/>\n<meta property=\"article:modified_time\" content=\"2025-09-25T10:43:27+00:00\" \/>\n<meta property=\"og:image\" content=\"https:\/\/www.etappiaviisi.fi\/2-2025\/wp-content\/uploads\/sites\/7\/2025\/09\/etappi_kurikka_re-piste_02-1024x683.jpg\" \/>\n\t<meta property=\"og:image:width\" content=\"1024\" \/>\n\t<meta property=\"og:image:height\" content=\"683\" \/>\n\t<meta property=\"og:image:type\" content=\"image\/jpeg\" \/>\n<meta name=\"author\" content=\"jaanahautala\" \/>\n<meta name=\"twitter:card\" content=\"summary_large_image\" \/>\n<meta name=\"twitter:label1\" content=\"Kirjoittanut\" \/>\n\t<meta name=\"twitter:data1\" content=\"jaanahautala\" \/>\n\t<meta name=\"twitter:label2\" content=\"Arvioitu lukuaika\" \/>\n\t<meta name=\"twitter:data2\" content=\"3 minuuttia\" \/>\n<script type=\"application\/ld+json\" class=\"yoast-schema-graph\">{\"@context\":\"https:\\\/\\\/schema.org\",\"@graph\":[{\"@type\":\"Article\",\"@id\":\"https:\\\/\\\/www.etappiaviisi.fi\\\/2-2025\\\/lakeuden-etappi-avasi-uusimman-re-pisteensa-asiakkaille-kurikassa\\\/#article\",\"isPartOf\":{\"@id\":\"https:\\\/\\\/www.etappiaviisi.fi\\\/2-2025\\\/lakeuden-etappi-avasi-uusimman-re-pisteensa-asiakkaille-kurikassa\\\/\"},\"author\":{\"name\":\"jaanahautala\",\"@id\":\"https:\\\/\\\/www.etappiaviisi.fi\\\/2-2025\\\/#\\\/schema\\\/person\\\/d5e8ecc6c18403bdedb5ddbaa426d458\"},\"headline\":\"Lakeuden Etappi avasi uusimman RE-pisteens\u00e4 asiakkaille Kurikassa\",\"datePublished\":\"2025-09-08T05:51:48+00:00\",\"dateModified\":\"2025-09-25T10:43:27+00:00\",\"mainEntityOfPage\":{\"@id\":\"https:\\\/\\\/www.etappiaviisi.fi\\\/2-2025\\\/lakeuden-etappi-avasi-uusimman-re-pisteensa-asiakkaille-kurikassa\\\/\"},\"wordCount\":450,\"image\":{\"@id\":\"https:\\\/\\\/www.etappiaviisi.fi\\\/2-2025\\\/lakeuden-etappi-avasi-uusimman-re-pisteensa-asiakkaille-kurikassa\\\/#primaryimage\"},\"thumbnailUrl\":\"https:\\\/\\\/www.etappiaviisi.fi\\\/2-2025\\\/wp-content\\\/uploads\\\/sites\\\/7\\\/2025\\\/09\\\/etappi_kurikka_re-piste_02-scaled.jpg\",\"articleSection\":[\"RE-piste\",\"Uusi arjen kiertotalous\"],\"inLanguage\":\"fi\"},{\"@type\":\"WebPage\",\"@id\":\"https:\\\/\\\/www.etappiaviisi.fi\\\/2-2025\\\/lakeuden-etappi-avasi-uusimman-re-pisteensa-asiakkaille-kurikassa\\\/\",\"url\":\"https:\\\/\\\/www.etappiaviisi.fi\\\/2-2025\\\/lakeuden-etappi-avasi-uusimman-re-pisteensa-asiakkaille-kurikassa\\\/\",\"name\":\"Lakeuden Etappi avasi uusimman RE-pisteens\u00e4 asiakkaille Kurikassa - Etappi-aviisi 2\\\/2025\",\"isPartOf\":{\"@id\":\"https:\\\/\\\/www.etappiaviisi.fi\\\/2-2025\\\/#website\"},\"primaryImageOfPage\":{\"@id\":\"https:\\\/\\\/www.etappiaviisi.fi\\\/2-2025\\\/lakeuden-etappi-avasi-uusimman-re-pisteensa-asiakkaille-kurikassa\\\/#primaryimage\"},\"image\":{\"@id\":\"https:\\\/\\\/www.etappiaviisi.fi\\\/2-2025\\\/lakeuden-etappi-avasi-uusimman-re-pisteensa-asiakkaille-kurikassa\\\/#primaryimage\"},\"thumbnailUrl\":\"https:\\\/\\\/www.etappiaviisi.fi\\\/2-2025\\\/wp-content\\\/uploads\\\/sites\\\/7\\\/2025\\\/09\\\/etappi_kurikka_re-piste_02-scaled.jpg\",\"datePublished\":\"2025-09-08T05:51:48+00:00\",\"dateModified\":\"2025-09-25T10:43:27+00:00\",\"author\":{\"@id\":\"https:\\\/\\\/www.etappiaviisi.fi\\\/2-2025\\\/#\\\/schema\\\/person\\\/d5e8ecc6c18403bdedb5ddbaa426d458\"},\"breadcrumb\":{\"@id\":\"https:\\\/\\\/www.etappiaviisi.fi\\\/2-2025\\\/lakeuden-etappi-avasi-uusimman-re-pisteensa-asiakkaille-kurikassa\\\/#breadcrumb\"},\"inLanguage\":\"fi\",\"potentialAction\":[{\"@type\":\"ReadAction\",\"target\":[\"https:\\\/\\\/www.etappiaviisi.fi\\\/2-2025\\\/lakeuden-etappi-avasi-uusimman-re-pisteensa-asiakkaille-kurikassa\\\/\"]}]},{\"@type\":\"ImageObject\",\"inLanguage\":\"fi\",\"@id\":\"https:\\\/\\\/www.etappiaviisi.fi\\\/2-2025\\\/lakeuden-etappi-avasi-uusimman-re-pisteensa-asiakkaille-kurikassa\\\/#primaryimage\",\"url\":\"https:\\\/\\\/www.etappiaviisi.fi\\\/2-2025\\\/wp-content\\\/uploads\\\/sites\\\/7\\\/2025\\\/09\\\/etappi_kurikka_re-piste_02-scaled.jpg\",\"contentUrl\":\"https:\\\/\\\/www.etappiaviisi.fi\\\/2-2025\\\/wp-content\\\/uploads\\\/sites\\\/7\\\/2025\\\/09\\\/etappi_kurikka_re-piste_02-scaled.jpg\",\"width\":2560,\"height\":1708},{\"@type\":\"BreadcrumbList\",\"@id\":\"https:\\\/\\\/www.etappiaviisi.fi\\\/2-2025\\\/lakeuden-etappi-avasi-uusimman-re-pisteensa-asiakkaille-kurikassa\\\/#breadcrumb\",\"itemListElement\":[{\"@type\":\"ListItem\",\"position\":1,\"name\":\"Etusivu\",\"item\":\"https:\\\/\\\/www.etappiaviisi.fi\\\/2-2025\\\/\"},{\"@type\":\"ListItem\",\"position\":2,\"name\":\"Lakeuden Etappi avasi uusimman RE-pisteens\u00e4 asiakkaille Kurikassa\"}]},{\"@type\":\"WebSite\",\"@id\":\"https:\\\/\\\/www.etappiaviisi.fi\\\/2-2025\\\/#website\",\"url\":\"https:\\\/\\\/www.etappiaviisi.fi\\\/2-2025\\\/\",\"name\":\"Etappi-aviisi 2\\\/2025\",\"description\":\"\",\"potentialAction\":[{\"@type\":\"SearchAction\",\"target\":{\"@type\":\"EntryPoint\",\"urlTemplate\":\"https:\\\/\\\/www.etappiaviisi.fi\\\/2-2025\\\/?s={search_term_string}\"},\"query-input\":{\"@type\":\"PropertyValueSpecification\",\"valueRequired\":true,\"valueName\":\"search_term_string\"}}],\"inLanguage\":\"fi\"},{\"@type\":\"Person\",\"@id\":\"https:\\\/\\\/www.etappiaviisi.fi\\\/2-2025\\\/#\\\/schema\\\/person\\\/d5e8ecc6c18403bdedb5ddbaa426d458\",\"name\":\"jaanahautala\",\"url\":\"https:\\\/\\\/www.etappiaviisi.fi\\\/2-2025\\\/author\\\/jaanahautala\\\/\"}]}<\/script>\n<!-- \/ Yoast SEO plugin. -->","yoast_head_json":{"title":"Lakeuden Etappi avasi uusimman RE-pisteens\u00e4 asiakkaille Kurikassa - Etappi-aviisi 2\/2025","robots":{"index":"index","follow":"follow","max-snippet":"max-snippet:-1","max-image-preview":"max-image-preview:large","max-video-preview":"max-video-preview:-1"},"canonical":"https:\/\/www.etappiaviisi.fi\/2-2025\/lakeuden-etappi-avasi-uusimman-re-pisteensa-asiakkaille-kurikassa\/","og_locale":"fi_FI","og_type":"article","og_title":"Lakeuden Etappi avasi uusimman RE-pisteens\u00e4 asiakkaille Kurikassa - Etappi-aviisi 2\/2025","og_description":"Lakeuden Etapin uusin RE-piste avattiin asiakkaille Kurikassa kes\u00e4kuussa. Kurikan RE-piste on j\u00e4rjestyksess\u00e4 Etapin kolmas arjen kiertotalouden palvelupiste, joka tarjoaa asiakkaille mahdollisuuden asioida my\u00f6s itsepalveluna.","og_url":"https:\/\/www.etappiaviisi.fi\/2-2025\/lakeuden-etappi-avasi-uusimman-re-pisteensa-asiakkaille-kurikassa\/","og_site_name":"Etappi-aviisi 2\/2025","article_published_time":"2025-09-08T05:51:48+00:00","article_modified_time":"2025-09-25T10:43:27+00:00","og_image":[{"width":1024,"height":683,"url":"https:\/\/www.etappiaviisi.fi\/2-2025\/wp-content\/uploads\/sites\/7\/2025\/09\/etappi_kurikka_re-piste_02-1024x683.jpg","type":"image\/jpeg"}],"author":"jaanahautala","twitter_card":"summary_large_image","twitter_misc":{"Kirjoittanut":"jaanahautala","Arvioitu lukuaika":"3 minuuttia"},"schema":{"@context":"https:\/\/schema.org","@graph":[{"@type":"Article","@id":"https:\/\/www.etappiaviisi.fi\/2-2025\/lakeuden-etappi-avasi-uusimman-re-pisteensa-asiakkaille-kurikassa\/#article","isPartOf":{"@id":"https:\/\/www.etappiaviisi.fi\/2-2025\/lakeuden-etappi-avasi-uusimman-re-pisteensa-asiakkaille-kurikassa\/"},"author":{"name":"jaanahautala","@id":"https:\/\/www.etappiaviisi.fi\/2-2025\/#\/schema\/person\/d5e8ecc6c18403bdedb5ddbaa426d458"},"headline":"Lakeuden Etappi avasi uusimman RE-pisteens\u00e4 asiakkaille Kurikassa","datePublished":"2025-09-08T05:51:48+00:00","dateModified":"2025-09-25T10:43:27+00:00","mainEntityOfPage":{"@id":"https:\/\/www.etappiaviisi.fi\/2-2025\/lakeuden-etappi-avasi-uusimman-re-pisteensa-asiakkaille-kurikassa\/"},"wordCount":450,"image":{"@id":"https:\/\/www.etappiaviisi.fi\/2-2025\/lakeuden-etappi-avasi-uusimman-re-pisteensa-asiakkaille-kurikassa\/#primaryimage"},"thumbnailUrl":"https:\/\/www.etappiaviisi.fi\/2-2025\/wp-content\/uploads\/sites\/7\/2025\/09\/etappi_kurikka_re-piste_02-scaled.jpg","articleSection":["RE-piste","Uusi arjen kiertotalous"],"inLanguage":"fi"},{"@type":"WebPage","@id":"https:\/\/www.etappiaviisi.fi\/2-2025\/lakeuden-etappi-avasi-uusimman-re-pisteensa-asiakkaille-kurikassa\/","url":"https:\/\/www.etappiaviisi.fi\/2-2025\/lakeuden-etappi-avasi-uusimman-re-pisteensa-asiakkaille-kurikassa\/","name":"Lakeuden Etappi avasi uusimman RE-pisteens\u00e4 asiakkaille Kurikassa - Etappi-aviisi 2\/2025","isPartOf":{"@id":"https:\/\/www.etappiaviisi.fi\/2-2025\/#website"},"primaryImageOfPage":{"@id":"https:\/\/www.etappiaviisi.fi\/2-2025\/lakeuden-etappi-avasi-uusimman-re-pisteensa-asiakkaille-kurikassa\/#primaryimage"},"image":{"@id":"https:\/\/www.etappiaviisi.fi\/2-2025\/lakeuden-etappi-avasi-uusimman-re-pisteensa-asiakkaille-kurikassa\/#primaryimage"},"thumbnailUrl":"https:\/\/www.etappiaviisi.fi\/2-2025\/wp-content\/uploads\/sites\/7\/2025\/09\/etappi_kurikka_re-piste_02-scaled.jpg","datePublished":"2025-09-08T05:51:48+00:00","dateModified":"2025-09-25T10:43:27+00:00","author":{"@id":"https:\/\/www.etappiaviisi.fi\/2-2025\/#\/schema\/person\/d5e8ecc6c18403bdedb5ddbaa426d458"},"breadcrumb":{"@id":"https:\/\/www.etappiaviisi.fi\/2-2025\/lakeuden-etappi-avasi-uusimman-re-pisteensa-asiakkaille-kurikassa\/#breadcrumb"},"inLanguage":"fi","potentialAction":[{"@type":"ReadAction","target":["https:\/\/www.etappiaviisi.fi\/2-2025\/lakeuden-etappi-avasi-uusimman-re-pisteensa-asiakkaille-kurikassa\/"]}]},{"@type":"ImageObject","inLanguage":"fi","@id":"https:\/\/www.etappiaviisi.fi\/2-2025\/lakeuden-etappi-avasi-uusimman-re-pisteensa-asiakkaille-kurikassa\/#primaryimage","url":"https:\/\/www.etappiaviisi.fi\/2-2025\/wp-content\/uploads\/sites\/7\/2025\/09\/etappi_kurikka_re-piste_02-scaled.jpg","contentUrl":"https:\/\/www.etappiaviisi.fi\/2-2025\/wp-content\/uploads\/sites\/7\/2025\/09\/etappi_kurikka_re-piste_02-scaled.jpg","width":2560,"height":1708},{"@type":"BreadcrumbList","@id":"https:\/\/www.etappiaviisi.fi\/2-2025\/lakeuden-etappi-avasi-uusimman-re-pisteensa-asiakkaille-kurikassa\/#breadcrumb","itemListElement":[{"@type":"ListItem","position":1,"name":"Etusivu","item":"https:\/\/www.etappiaviisi.fi\/2-2025\/"},{"@type":"ListItem","position":2,"name":"Lakeuden Etappi avasi uusimman RE-pisteens\u00e4 asiakkaille Kurikassa"}]},{"@type":"WebSite","@id":"https:\/\/www.etappiaviisi.fi\/2-2025\/#website","url":"https:\/\/www.etappiaviisi.fi\/2-2025\/","name":"Etappi-aviisi 2\/2025","description":"","potentialAction":[{"@type":"SearchAction","target":{"@type":"EntryPoint","urlTemplate":"https:\/\/www.etappiaviisi.fi\/2-2025\/?s={search_term_string}"},"query-input":{"@type":"PropertyValueSpecification","valueRequired":true,"valueName":"search_term_string"}}],"inLanguage":"fi"},{"@type":"Person","@id":"https:\/\/www.etappiaviisi.fi\/2-2025\/#\/schema\/person\/d5e8ecc6c18403bdedb5ddbaa426d458","name":"jaanahautala","url":"https:\/\/www.etappiaviisi.fi\/2-2025\/author\/jaanahautala\/"}]}},"_links":{"self":[{"href":"https:\/\/www.etappiaviisi.fi\/2-2025\/wp-json\/wp\/v2\/posts\/9","targetHints":{"allow":["GET"]}}],"collection":[{"href":"https:\/\/www.etappiaviisi.fi\/2-2025\/wp-json\/wp\/v2\/posts"}],"about":[{"href":"https:\/\/www.etappiaviisi.fi\/2-2025\/wp-json\/wp\/v2\/types\/post"}],"author":[{"embeddable":true,"href":"https:\/\/www.etappiaviisi.fi\/2-2025\/wp-json\/wp\/v2\/users\/10"}],"replies":[{"embeddable":true,"href":"https:\/\/www.etappiaviisi.fi\/2-2025\/wp-json\/wp\/v2\/comments?post=9"}],"version-history":[{"count":10,"href":"https:\/\/www.etappiaviisi.fi\/2-2025\/wp-json\/wp\/v2\/posts\/9\/revisions"}],"predecessor-version":[{"id":753,"href":"https:\/\/www.etappiaviisi.fi\/2-2025\/wp-json\/wp\/v2\/posts\/9\/revisions\/753"}],"wp:featuredmedia":[{"embeddable":true,"href":"https:\/\/www.etappiaviisi.fi\/2-2025\/wp-json\/wp\/v2\/media\/492"}],"wp:attachment":[{"href":"https:\/\/www.etappiaviisi.fi\/2-2025\/wp-json\/wp\/v2\/media?parent=9"}],"wp:term":[{"taxonomy":"category","embeddable":true,"href":"https:\/\/www.etappiaviisi.fi\/2-2025\/wp-json\/wp\/v2\/categories?post=9"},{"taxonomy":"post_tag","embeddable":true,"href":"https:\/\/www.etappiaviisi.fi\/2-2025\/wp-json\/wp\/v2\/tags?post=9"}],"curies":[{"name":"wp","href":"https:\/\/api.w.org\/{rel}","templated":true}]}}