{"id":88,"date":"2025-09-08T09:14:00","date_gmt":"2025-09-08T06:14:00","guid":{"rendered":"https:\/\/www.etappiaviisi.fi\/2-2025\/?p=88"},"modified":"2025-10-01T09:15:16","modified_gmt":"2025-10-01T06:15:16","slug":"23-ewwr","status":"publish","type":"post","link":"https:\/\/www.etappiaviisi.fi\/2-2025\/23-ewwr\/","title":{"rendered":"Euroopan j\u00e4tteen v\u00e4hent\u00e4misen viikko &#8211; huomio SER-j\u00e4tteeseen"},"content":{"rendered":"\n<div class=\"wp-block-columns is-layout-flex wp-container-core-columns-is-layout-9d6595d7 wp-block-columns-is-layout-flex\">\n<div class=\"wp-block-column is-layout-flow wp-block-column-is-layout-flow\">\n<p>EU:ssa vuosittain syntyv\u00e4n s\u00e4hk\u00f6- ja elektroniikkalaiteromun m\u00e4\u00e4r\u00e4 kasvaa nopeasti. Se on nyt yksi nopeimmin kasvavista j\u00e4tevirroista. Siihen kuuluu laaja valikoima laitteita, kuten matkapuhelimia, tietokoneita, televisioita, j\u00e4\u00e4kaappeja, kodinkoneita, lamppuja sek\u00e4 l\u00e4\u00e4kinn\u00e4llisi\u00e4 laitteita ja aurinkopaneeleja. T\u00e4n\u00e4 vuonna EWWR-viikon teemaksi onkin otettu s\u00e4hk\u00f6- ja elektroniikkaj\u00e4te ja sen v\u00e4hent\u00e4minen.<\/p>\n\n\n\n<p>Euroopan j\u00e4tteen v\u00e4hent\u00e4misen viikko (EWWR) on Euroopan suurin j\u00e4tteen ehk\u00e4isyn ja v\u00e4hent\u00e4misen lis\u00e4\u00e4miseen t\u00e4ht\u00e4\u00e4v\u00e4 tiedotuskampanja. Viikkoa on vietetty vuodesta 2009 alkaen keskittyen aina johonkin tiettyyn j\u00e4tteeseen tai globaaliin ongelmaan. Viime vuonna kampanjoitiin ruokah\u00e4vikki-teemalla ja takavuosina teemana oli n\u00e4kym\u00e4t\u00f6n j\u00e4te eli tuotteiden valmistuksessa syntyv\u00e4 j\u00e4te.<\/p>\n\n\n\n<p>Suomessa kampanjaa luotsaa Suomen kiertovoima KIVO ry ja mukana on kunnallisia j\u00e4teyhti\u00f6it\u00e4 kuten Lakeuden Etappi.<\/p>\n\n\n\n<p>Paikallisten ja alueellisten toimijoiden koordinoima viikko kokoaa yhteen kaikenlaisia \u200b\u200btoimijoita \u2013 j\u00e4teyhti\u00f6it\u00e4, kansalaisia, kouluja, yrityksi\u00e4, kansalaisj\u00e4rjest\u00f6j\u00e4 ja yhdistyksi\u00e4 \u2013 jotka j\u00e4rjest\u00e4v\u00e4t aktiviteetteja j\u00e4tteen v\u00e4hent\u00e4misen tietoisuuden lis\u00e4\u00e4miseksi.<\/p>\n\n\n\n<blockquote class=\"wp-block-quote is-layout-flow wp-block-quote-is-layout-flow\">\n<p>Miten voin v\u00e4hent\u00e4\u00e4 SER-j\u00e4tett\u00e4? Mieti ennen ostamista, tarvitsetko laitetta todella. Lainaa, vuokraa tai korjaa ensisijaisesti. Hanki kest\u00e4vi\u00e4 tuotteita.<\/p>\n<\/blockquote>\n\n\n\n<p>J\u00e4tteen v\u00e4hent\u00e4misen viikon merkeiss\u00e4 toteutetut toimenpiteet vastaavat kolmen \u00e4rr\u00e4n periaatteeseen: j\u00e4tteen v\u00e4hent\u00e4minen (reuse), tuotteiden uudelleenk\u00e4ytt\u00f6 (reduce), materiaalien kierr\u00e4tys (recycling) \u2013 t\u00e4ss\u00e4 j\u00e4rjestyksess\u00e4.<\/p>\n\n\n\n<h2 class=\"wp-block-heading\"><strong>Kierr\u00e4tystavoitteet viel\u00e4 saavuttamatta<\/strong><\/h2>\n\n\n\n<p>S\u00e4hk\u00f6- ja elektroniikkalaiteromun ker\u00e4ystavoite on Pirkanmaan ELY-keskuksen mukaan ollut vuodesta 2019 alkaen v\u00e4hint\u00e4\u00e4n 65 prosenttia suhteessa kolmen edellisen vuoden markkinoille saatettujen s\u00e4hk\u00f6- ja elektroniikkalaitteiden keskiarvoon. Vuonna 2023 ker\u00e4ysaste oli viel\u00e4 kuitenkin vain 45,9 prosenttia, vaikka vuonna 2023 Suomessa ker\u00e4ttiin s\u00e4hk\u00f6- ja elektroniikkalaitteita asukasta kohden noin 13,2 kg.<\/p>\n\n\n\n<p>Siksi Euroopan j\u00e4tteen v\u00e4hent\u00e4misen viikon 2025-teemaviikolla on tarkoitus lis\u00e4t\u00e4 tietoisuutta SER-j\u00e4tteen kielteisist\u00e4 vaikutuksista. Kampanjalla pyrit\u00e4\u00e4n korostamaan laitteiden uudelleenk\u00e4yt\u00f6n ja korjaamisen t\u00e4rkeytt\u00e4 ennen niist\u00e4 luopumista. Tavoitteena on my\u00f6s saada v\u00e4hennetty\u00e4 uusien elektroniikka- ja s\u00e4hk\u00f6laitteiden kysynt\u00e4\u00e4, mik\u00e4 edist\u00e4\u00e4 kest\u00e4v\u00e4mp\u00e4\u00e4 ja v\u00e4hemm\u00e4n ymp\u00e4rist\u00f6\u00e4 kuluttavia kulutus- ja tuotantotapoja.<\/p>\n\n\n\n<p>SER-j\u00e4te sis\u00e4lt\u00e4\u00e4 monia materiaaleja, joista osa on vaarallisia. Jos k\u00e4yt\u00f6st\u00e4 poistetut laitteet eiv\u00e4t ole asianmukaisesti k\u00e4siteltyj\u00e4, ne voivat aiheuttaa merkitt\u00e4vi\u00e4 ymp\u00e4rist\u00f6- ja terveysongelmia. Nykyaikainen elektroniikka sis\u00e4lt\u00e4\u00e4 my\u00f6s harvinaisia ja kalliita raaka-aineita, jotka voidaan kierr\u00e4tt\u00e4\u00e4 ja k\u00e4ytt\u00e4\u00e4 uudelleen, jos j\u00e4te k\u00e4sitell\u00e4\u00e4n tehokkaasti.<\/p>\n\n\n\n<p>L\u00e4hde: <a href=\"https:\/\/environment.ec.europa.eu\" target=\"_blank\" rel=\"noreferrer noopener\">https:\/\/environment.ec.europa.eu<\/a><\/p>\n<\/div>\n<\/div>\n\n\n\n<section class=\"block block-infobox box-narrow\">\n\t<div class=\"container\">\n\t\t\t\t\t<header class=\"infobox-header\">\n\t\t\t\t\t\t\t\t\t<span class=\"info-icon\" aria-hidden=\"true\">\n\t\t\t\t\t\t<svg version=\"1.1\" id=\"Layer_1\" xmlns=\"http:\/\/www.w3.org\/2000\/svg\" xmlns:xlink=\"http:\/\/www.w3.org\/1999\/xlink\" x=\"0\" y=\"0\" viewBox=\"0 0 60 60\" xml:space=\"preserve\"><style\/><g id=\"Group_97\" transform=\"translate(635 3919)\"><circle id=\"Ellipse_5\" cx=\"-605\" cy=\"-3889\" r=\"30\" fill=\"#bfebcf\"\/><\/g><defs><path id=\"SVGID_1_\" d=\"M12.7 12.7h34.7v34.7H12.7z\"\/><\/defs><clipPath id=\"SVGID_00000092451956277338883290000016398229303591548315_\"><use xlink:href=\"#SVGID_1_\" overflow=\"visible\"\/><\/clipPath><g id=\"Group_217\" clip-path=\"url(#SVGID_00000092451956277338883290000016398229303591548315_)\"><g id=\"Group_216\"><path id=\"Path_289\" d=\"M30 15.9c7.8 0 14.1 6.3 14.1 14.1S37.8 44.1 30 44.1 15.9 37.8 15.9 30c0-2.5.7-4.9 1.9-7 2.5-4.4 7.2-7.1 12.2-7.1m0 31.4c9.6 0 17.3-7.7 17.3-17.3S39.6 12.7 30 12.7 12.7 20.4 12.7 30c0 3.1.8 6.1 2.3 8.6 3.1 5.4 8.8 8.7 15 8.7m-2.7-11.9c-.9 0-1.6.7-1.6 1.6s.7 1.6 1.6 1.6h5.4c.9 0 1.6-.7 1.6-1.6s-.7-1.6-1.6-1.6h-.5v-5.9c0-.9-.7-1.6-1.6-1.6h-3.2c-.9 0-1.6.7-1.6 1.6s.7 1.6 1.6 1.6H29v4.3h-1.7zm2.7-9.7c1.2 0 2.2-1 2.2-2.2s-1-2.2-2.2-2.2-2.2 1-2.2 2.2c0 1.2 1 2.2 2.2 2.2\" fill=\"#007041\"\/><\/g><\/g><\/svg>\t\t\t\t\t<\/span>\n\t\t\t\t\n\t\t\t\t<h2 class=\"title h3\">EU:ssa:<\/h2>\t\t\t<\/header>\n\t\t\n\t\t\t\t\t<div class=\"columns grid-columns-1\">\n\t\t\t\t\t\t\t\t\t<div class=\"column\">\n\t\t\t\t\t\t\n\t\t\t\t\t\t<div class=\"content-wrapper\">\n\t\t\t\t\t\t\t\n\t\t\t\t\t\t\t\n\t\t\t\t\t\t\t\t\t\t\t\t\t\t\t<div class=\"content content-wysiwyg\">\n\t\t\t\t\t\t\t\t\t<ul>\n<li>Markkinoille saatetaan vuosittain 14,4 miljoonaa tonnia s\u00e4hk\u00f6- ja elektroniikkalaitteita<\/li>\n<li>S\u00e4hk\u00f6- ja elektroniikkalaiteromua ker\u00e4t\u00e4\u00e4n 5 miljoonaa tonnia EU:n alueella<\/li>\n<li>S\u00e4hk\u00f6- ja elektroniikkalaiteromua ker\u00e4ttiin Suomessa henkil\u00f6\u00e4 kohden 13,2 kg vuonna 2023<\/li>\n<\/ul>\n\t\t\t\t\t\t\t\t<\/div>\n\t\t\t\t\t\t\t\t\t\t\t\t\t<\/div>\n\t\t\t\t\t<\/div>\n\t\t\t\t\t\t\t<\/div>\n\t\t\t<\/div>\n<\/section>\n","protected":false},"excerpt":{"rendered":"<p>Euroopan j\u00e4tteen v\u00e4hent\u00e4misen viikolla huomio SER-j\u00e4tteeseen.<\/p>\n","protected":false},"author":10,"featured_media":762,"comment_status":"closed","ping_status":"closed","sticky":false,"template":"","format":"standard","meta":{"_acf_changed":false,"footnotes":""},"categories":[15,20],"tags":[],"class_list":["post-88","post","type-post","status-publish","format-standard","has-post-thumbnail","hentry","category-jatteen-vahentaminen","category-kestava-kulutus"],"acf":[],"yoast_head":"<!-- This site is optimized with the Yoast SEO plugin v27.5 - https:\/\/yoast.com\/product\/yoast-seo-wordpress\/ -->\n<title>Euroopan j\u00e4tteen v\u00e4hent\u00e4misen viikko - huomio SER-j\u00e4tteeseen - Etappi-aviisi 2\/2025<\/title>\n<meta name=\"robots\" content=\"index, follow, max-snippet:-1, max-image-preview:large, max-video-preview:-1\" \/>\n<link rel=\"canonical\" href=\"https:\/\/www.etappiaviisi.fi\/2-2025\/23-ewwr\/\" \/>\n<meta property=\"og:locale\" content=\"fi_FI\" \/>\n<meta property=\"og:type\" content=\"article\" \/>\n<meta property=\"og:title\" content=\"Euroopan j\u00e4tteen v\u00e4hent\u00e4misen viikko - huomio SER-j\u00e4tteeseen - Etappi-aviisi 2\/2025\" \/>\n<meta property=\"og:description\" content=\"Euroopan j\u00e4tteen v\u00e4hent\u00e4misen viikolla huomio SER-j\u00e4tteeseen.\" \/>\n<meta property=\"og:url\" content=\"https:\/\/www.etappiaviisi.fi\/2-2025\/23-ewwr\/\" \/>\n<meta property=\"og:site_name\" content=\"Etappi-aviisi 2\/2025\" \/>\n<meta property=\"article:published_time\" content=\"2025-09-08T06:14:00+00:00\" \/>\n<meta property=\"article:modified_time\" content=\"2025-10-01T06:15:16+00:00\" \/>\n<meta property=\"og:image\" content=\"https:\/\/www.etappiaviisi.fi\/2-2025\/wp-content\/uploads\/sites\/7\/2025\/09\/IMG_7670-1024x768.jpg\" \/>\n\t<meta property=\"og:image:width\" content=\"1024\" \/>\n\t<meta property=\"og:image:height\" content=\"768\" \/>\n\t<meta property=\"og:image:type\" content=\"image\/jpeg\" \/>\n<meta name=\"author\" content=\"jaanahautala\" \/>\n<meta name=\"twitter:card\" content=\"summary_large_image\" \/>\n<meta name=\"twitter:label1\" content=\"Kirjoittanut\" \/>\n\t<meta name=\"twitter:data1\" content=\"jaanahautala\" \/>\n\t<meta name=\"twitter:label2\" content=\"Arvioitu lukuaika\" \/>\n\t<meta name=\"twitter:data2\" content=\"2 minuuttia\" \/>\n<script type=\"application\/ld+json\" class=\"yoast-schema-graph\">{\"@context\":\"https:\\\/\\\/schema.org\",\"@graph\":[{\"@type\":\"Article\",\"@id\":\"https:\\\/\\\/www.etappiaviisi.fi\\\/2-2025\\\/23-ewwr\\\/#article\",\"isPartOf\":{\"@id\":\"https:\\\/\\\/www.etappiaviisi.fi\\\/2-2025\\\/23-ewwr\\\/\"},\"author\":{\"name\":\"jaanahautala\",\"@id\":\"https:\\\/\\\/www.etappiaviisi.fi\\\/2-2025\\\/#\\\/schema\\\/person\\\/d5e8ecc6c18403bdedb5ddbaa426d458\"},\"headline\":\"Euroopan j\u00e4tteen v\u00e4hent\u00e4misen viikko &#8211; huomio SER-j\u00e4tteeseen\",\"datePublished\":\"2025-09-08T06:14:00+00:00\",\"dateModified\":\"2025-10-01T06:15:16+00:00\",\"mainEntityOfPage\":{\"@id\":\"https:\\\/\\\/www.etappiaviisi.fi\\\/2-2025\\\/23-ewwr\\\/\"},\"wordCount\":418,\"image\":{\"@id\":\"https:\\\/\\\/www.etappiaviisi.fi\\\/2-2025\\\/23-ewwr\\\/#primaryimage\"},\"thumbnailUrl\":\"https:\\\/\\\/www.etappiaviisi.fi\\\/2-2025\\\/wp-content\\\/uploads\\\/sites\\\/7\\\/2025\\\/09\\\/IMG_7670-scaled.jpg\",\"articleSection\":[\"J\u00e4tteen v\u00e4hent\u00e4minen\",\"Kest\u00e4v\u00e4 kulutus\"],\"inLanguage\":\"fi\"},{\"@type\":\"WebPage\",\"@id\":\"https:\\\/\\\/www.etappiaviisi.fi\\\/2-2025\\\/23-ewwr\\\/\",\"url\":\"https:\\\/\\\/www.etappiaviisi.fi\\\/2-2025\\\/23-ewwr\\\/\",\"name\":\"Euroopan j\u00e4tteen v\u00e4hent\u00e4misen viikko - huomio SER-j\u00e4tteeseen - Etappi-aviisi 2\\\/2025\",\"isPartOf\":{\"@id\":\"https:\\\/\\\/www.etappiaviisi.fi\\\/2-2025\\\/#website\"},\"primaryImageOfPage\":{\"@id\":\"https:\\\/\\\/www.etappiaviisi.fi\\\/2-2025\\\/23-ewwr\\\/#primaryimage\"},\"image\":{\"@id\":\"https:\\\/\\\/www.etappiaviisi.fi\\\/2-2025\\\/23-ewwr\\\/#primaryimage\"},\"thumbnailUrl\":\"https:\\\/\\\/www.etappiaviisi.fi\\\/2-2025\\\/wp-content\\\/uploads\\\/sites\\\/7\\\/2025\\\/09\\\/IMG_7670-scaled.jpg\",\"datePublished\":\"2025-09-08T06:14:00+00:00\",\"dateModified\":\"2025-10-01T06:15:16+00:00\",\"author\":{\"@id\":\"https:\\\/\\\/www.etappiaviisi.fi\\\/2-2025\\\/#\\\/schema\\\/person\\\/d5e8ecc6c18403bdedb5ddbaa426d458\"},\"breadcrumb\":{\"@id\":\"https:\\\/\\\/www.etappiaviisi.fi\\\/2-2025\\\/23-ewwr\\\/#breadcrumb\"},\"inLanguage\":\"fi\",\"potentialAction\":[{\"@type\":\"ReadAction\",\"target\":[\"https:\\\/\\\/www.etappiaviisi.fi\\\/2-2025\\\/23-ewwr\\\/\"]}]},{\"@type\":\"ImageObject\",\"inLanguage\":\"fi\",\"@id\":\"https:\\\/\\\/www.etappiaviisi.fi\\\/2-2025\\\/23-ewwr\\\/#primaryimage\",\"url\":\"https:\\\/\\\/www.etappiaviisi.fi\\\/2-2025\\\/wp-content\\\/uploads\\\/sites\\\/7\\\/2025\\\/09\\\/IMG_7670-scaled.jpg\",\"contentUrl\":\"https:\\\/\\\/www.etappiaviisi.fi\\\/2-2025\\\/wp-content\\\/uploads\\\/sites\\\/7\\\/2025\\\/09\\\/IMG_7670-scaled.jpg\",\"width\":2560,\"height\":1920},{\"@type\":\"BreadcrumbList\",\"@id\":\"https:\\\/\\\/www.etappiaviisi.fi\\\/2-2025\\\/23-ewwr\\\/#breadcrumb\",\"itemListElement\":[{\"@type\":\"ListItem\",\"position\":1,\"name\":\"Etusivu\",\"item\":\"https:\\\/\\\/www.etappiaviisi.fi\\\/2-2025\\\/\"},{\"@type\":\"ListItem\",\"position\":2,\"name\":\"Euroopan j\u00e4tteen v\u00e4hent\u00e4misen viikko &#8211; huomio SER-j\u00e4tteeseen\"}]},{\"@type\":\"WebSite\",\"@id\":\"https:\\\/\\\/www.etappiaviisi.fi\\\/2-2025\\\/#website\",\"url\":\"https:\\\/\\\/www.etappiaviisi.fi\\\/2-2025\\\/\",\"name\":\"Etappi-aviisi 2\\\/2025\",\"description\":\"\",\"potentialAction\":[{\"@type\":\"SearchAction\",\"target\":{\"@type\":\"EntryPoint\",\"urlTemplate\":\"https:\\\/\\\/www.etappiaviisi.fi\\\/2-2025\\\/?s={search_term_string}\"},\"query-input\":{\"@type\":\"PropertyValueSpecification\",\"valueRequired\":true,\"valueName\":\"search_term_string\"}}],\"inLanguage\":\"fi\"},{\"@type\":\"Person\",\"@id\":\"https:\\\/\\\/www.etappiaviisi.fi\\\/2-2025\\\/#\\\/schema\\\/person\\\/d5e8ecc6c18403bdedb5ddbaa426d458\",\"name\":\"jaanahautala\",\"url\":\"https:\\\/\\\/www.etappiaviisi.fi\\\/2-2025\\\/author\\\/jaanahautala\\\/\"}]}<\/script>\n<!-- \/ Yoast SEO plugin. -->","yoast_head_json":{"title":"Euroopan j\u00e4tteen v\u00e4hent\u00e4misen viikko - huomio SER-j\u00e4tteeseen - Etappi-aviisi 2\/2025","robots":{"index":"index","follow":"follow","max-snippet":"max-snippet:-1","max-image-preview":"max-image-preview:large","max-video-preview":"max-video-preview:-1"},"canonical":"https:\/\/www.etappiaviisi.fi\/2-2025\/23-ewwr\/","og_locale":"fi_FI","og_type":"article","og_title":"Euroopan j\u00e4tteen v\u00e4hent\u00e4misen viikko - huomio SER-j\u00e4tteeseen - Etappi-aviisi 2\/2025","og_description":"Euroopan j\u00e4tteen v\u00e4hent\u00e4misen viikolla huomio SER-j\u00e4tteeseen.","og_url":"https:\/\/www.etappiaviisi.fi\/2-2025\/23-ewwr\/","og_site_name":"Etappi-aviisi 2\/2025","article_published_time":"2025-09-08T06:14:00+00:00","article_modified_time":"2025-10-01T06:15:16+00:00","og_image":[{"width":1024,"height":768,"url":"https:\/\/www.etappiaviisi.fi\/2-2025\/wp-content\/uploads\/sites\/7\/2025\/09\/IMG_7670-1024x768.jpg","type":"image\/jpeg"}],"author":"jaanahautala","twitter_card":"summary_large_image","twitter_misc":{"Kirjoittanut":"jaanahautala","Arvioitu lukuaika":"2 minuuttia"},"schema":{"@context":"https:\/\/schema.org","@graph":[{"@type":"Article","@id":"https:\/\/www.etappiaviisi.fi\/2-2025\/23-ewwr\/#article","isPartOf":{"@id":"https:\/\/www.etappiaviisi.fi\/2-2025\/23-ewwr\/"},"author":{"name":"jaanahautala","@id":"https:\/\/www.etappiaviisi.fi\/2-2025\/#\/schema\/person\/d5e8ecc6c18403bdedb5ddbaa426d458"},"headline":"Euroopan j\u00e4tteen v\u00e4hent\u00e4misen viikko &#8211; huomio SER-j\u00e4tteeseen","datePublished":"2025-09-08T06:14:00+00:00","dateModified":"2025-10-01T06:15:16+00:00","mainEntityOfPage":{"@id":"https:\/\/www.etappiaviisi.fi\/2-2025\/23-ewwr\/"},"wordCount":418,"image":{"@id":"https:\/\/www.etappiaviisi.fi\/2-2025\/23-ewwr\/#primaryimage"},"thumbnailUrl":"https:\/\/www.etappiaviisi.fi\/2-2025\/wp-content\/uploads\/sites\/7\/2025\/09\/IMG_7670-scaled.jpg","articleSection":["J\u00e4tteen v\u00e4hent\u00e4minen","Kest\u00e4v\u00e4 kulutus"],"inLanguage":"fi"},{"@type":"WebPage","@id":"https:\/\/www.etappiaviisi.fi\/2-2025\/23-ewwr\/","url":"https:\/\/www.etappiaviisi.fi\/2-2025\/23-ewwr\/","name":"Euroopan j\u00e4tteen v\u00e4hent\u00e4misen viikko - huomio SER-j\u00e4tteeseen - Etappi-aviisi 2\/2025","isPartOf":{"@id":"https:\/\/www.etappiaviisi.fi\/2-2025\/#website"},"primaryImageOfPage":{"@id":"https:\/\/www.etappiaviisi.fi\/2-2025\/23-ewwr\/#primaryimage"},"image":{"@id":"https:\/\/www.etappiaviisi.fi\/2-2025\/23-ewwr\/#primaryimage"},"thumbnailUrl":"https:\/\/www.etappiaviisi.fi\/2-2025\/wp-content\/uploads\/sites\/7\/2025\/09\/IMG_7670-scaled.jpg","datePublished":"2025-09-08T06:14:00+00:00","dateModified":"2025-10-01T06:15:16+00:00","author":{"@id":"https:\/\/www.etappiaviisi.fi\/2-2025\/#\/schema\/person\/d5e8ecc6c18403bdedb5ddbaa426d458"},"breadcrumb":{"@id":"https:\/\/www.etappiaviisi.fi\/2-2025\/23-ewwr\/#breadcrumb"},"inLanguage":"fi","potentialAction":[{"@type":"ReadAction","target":["https:\/\/www.etappiaviisi.fi\/2-2025\/23-ewwr\/"]}]},{"@type":"ImageObject","inLanguage":"fi","@id":"https:\/\/www.etappiaviisi.fi\/2-2025\/23-ewwr\/#primaryimage","url":"https:\/\/www.etappiaviisi.fi\/2-2025\/wp-content\/uploads\/sites\/7\/2025\/09\/IMG_7670-scaled.jpg","contentUrl":"https:\/\/www.etappiaviisi.fi\/2-2025\/wp-content\/uploads\/sites\/7\/2025\/09\/IMG_7670-scaled.jpg","width":2560,"height":1920},{"@type":"BreadcrumbList","@id":"https:\/\/www.etappiaviisi.fi\/2-2025\/23-ewwr\/#breadcrumb","itemListElement":[{"@type":"ListItem","position":1,"name":"Etusivu","item":"https:\/\/www.etappiaviisi.fi\/2-2025\/"},{"@type":"ListItem","position":2,"name":"Euroopan j\u00e4tteen v\u00e4hent\u00e4misen viikko &#8211; huomio SER-j\u00e4tteeseen"}]},{"@type":"WebSite","@id":"https:\/\/www.etappiaviisi.fi\/2-2025\/#website","url":"https:\/\/www.etappiaviisi.fi\/2-2025\/","name":"Etappi-aviisi 2\/2025","description":"","potentialAction":[{"@type":"SearchAction","target":{"@type":"EntryPoint","urlTemplate":"https:\/\/www.etappiaviisi.fi\/2-2025\/?s={search_term_string}"},"query-input":{"@type":"PropertyValueSpecification","valueRequired":true,"valueName":"search_term_string"}}],"inLanguage":"fi"},{"@type":"Person","@id":"https:\/\/www.etappiaviisi.fi\/2-2025\/#\/schema\/person\/d5e8ecc6c18403bdedb5ddbaa426d458","name":"jaanahautala","url":"https:\/\/www.etappiaviisi.fi\/2-2025\/author\/jaanahautala\/"}]}},"_links":{"self":[{"href":"https:\/\/www.etappiaviisi.fi\/2-2025\/wp-json\/wp\/v2\/posts\/88","targetHints":{"allow":["GET"]}}],"collection":[{"href":"https:\/\/www.etappiaviisi.fi\/2-2025\/wp-json\/wp\/v2\/posts"}],"about":[{"href":"https:\/\/www.etappiaviisi.fi\/2-2025\/wp-json\/wp\/v2\/types\/post"}],"author":[{"embeddable":true,"href":"https:\/\/www.etappiaviisi.fi\/2-2025\/wp-json\/wp\/v2\/users\/10"}],"replies":[{"embeddable":true,"href":"https:\/\/www.etappiaviisi.fi\/2-2025\/wp-json\/wp\/v2\/comments?post=88"}],"version-history":[{"count":15,"href":"https:\/\/www.etappiaviisi.fi\/2-2025\/wp-json\/wp\/v2\/posts\/88\/revisions"}],"predecessor-version":[{"id":1005,"href":"https:\/\/www.etappiaviisi.fi\/2-2025\/wp-json\/wp\/v2\/posts\/88\/revisions\/1005"}],"wp:featuredmedia":[{"embeddable":true,"href":"https:\/\/www.etappiaviisi.fi\/2-2025\/wp-json\/wp\/v2\/media\/762"}],"wp:attachment":[{"href":"https:\/\/www.etappiaviisi.fi\/2-2025\/wp-json\/wp\/v2\/media?parent=88"}],"wp:term":[{"taxonomy":"category","embeddable":true,"href":"https:\/\/www.etappiaviisi.fi\/2-2025\/wp-json\/wp\/v2\/categories?post=88"},{"taxonomy":"post_tag","embeddable":true,"href":"https:\/\/www.etappiaviisi.fi\/2-2025\/wp-json\/wp\/v2\/tags?post=88"}],"curies":[{"name":"wp","href":"https:\/\/api.w.org\/{rel}","templated":true}]}}