{"id":80,"date":"2025-09-08T09:09:00","date_gmt":"2025-09-08T06:09:00","guid":{"rendered":"https:\/\/www.etappiaviisi.fi\/2-2025\/?p=80"},"modified":"2025-10-29T14:48:29","modified_gmt":"2025-10-29T12:48:29","slug":"talvikauden-muistilista-kiinteistonhaltijoille","status":"publish","type":"post","link":"https:\/\/www.etappiaviisi.fi\/2-2025\/talvikauden-muistilista-kiinteistonhaltijoille\/","title":{"rendered":"Varustaudu talvikauteen!"},"content":{"rendered":"\n<div class=\"wp-block-columns is-layout-flex wp-container-core-columns-is-layout-9d6595d7 wp-block-columns-is-layout-flex\">\n<div class=\"wp-block-column is-layout-flow wp-block-column-is-layout-flow\">\n<p>Talvi tuo mukanaan vaihtelevat talviolosuhteet, mik\u00e4 vaikuttaa my\u00f6s j\u00e4tekuljetuksiin. N\u00e4ill\u00e4 neuvoilla varmistat, ett\u00e4 j\u00e4tehuolto toimii sujuvasti kaikissa keliolosuhteissa:<\/p>\n\n\n\n<h2 class=\"wp-block-heading\"><strong>Mihin sijoittaa j\u00e4teastia?<\/strong><\/h2>\n\n\n\n<div class=\"wp-block-columns is-layout-flex wp-container-core-columns-is-layout-9d6595d7 wp-block-columns-is-layout-flex\">\n<div class=\"wp-block-column is-layout-flow wp-block-column-is-layout-flow\">\n<ul class=\"wp-block-list\">\n<li>Sijoita j\u00e4teastia n\u00e4kyv\u00e4lle ja helposti saavutettavalle paikalle mahdollisimman l\u00e4helle p\u00e4\u00e4tiet\u00e4.<\/li>\n\n\n\n<li>Heijastinnauha astian kyljess\u00e4 auttaa kuljettajaa l\u00f6yt\u00e4m\u00e4\u00e4n sen my\u00f6s pime\u00e4ss\u00e4.<\/li>\n\n\n\n<li>Auraa ja hiekoita tie j\u00e4teastialle. Luo lumet my\u00f6s j\u00e4teastian ymp\u00e4rilt\u00e4.<\/li>\n\n\n\n<li>Aurauskepit auttavat j\u00e4tekuljettajaa pienill\u00e4 ja kapeilla teill\u00e4. <\/li>\n\n\n\n<li>J\u00e4teauton tulee p\u00e4\u00e4st\u00e4 v\u00e4hint\u00e4\u00e4n kymmenen metrin p\u00e4\u00e4h\u00e4n j\u00e4teastiasta ja kuljettajan on saatava viety\u00e4 astia esteett\u00f6m\u00e4sti j\u00e4teauton luokse.<\/li>\n\n\n\n<li>Huolehdi ett\u00e4 j\u00e4tekatoksen oven saa auki talvella. my\u00f6s hansikkaat k\u00e4dess\u00e4, eik\u00e4 edess\u00e4 ole esimerkiksi lumiesteit\u00e4 tai lukko j\u00e4\u00e4ss\u00e4.<\/li>\n<\/ul>\n<\/div>\n\n\n\n<div class=\"wp-block-column is-layout-flow wp-block-column-is-layout-flow\">\n<figure class=\"wp-block-image size-large\"><img loading=\"lazy\" decoding=\"async\" width=\"819\" height=\"1024\" src=\"https:\/\/www.etappiaviisi.fi\/2-2025\/wp-content\/uploads\/sites\/7\/2025\/09\/19.-Jatekuljettajan-talviterveiset_2-819x1024.jpg\" alt=\"\" class=\"wp-image-336\" srcset=\"https:\/\/www.etappiaviisi.fi\/2-2025\/wp-content\/uploads\/sites\/7\/2025\/09\/19.-Jatekuljettajan-talviterveiset_2-819x1024.jpg 819w, https:\/\/www.etappiaviisi.fi\/2-2025\/wp-content\/uploads\/sites\/7\/2025\/09\/19.-Jatekuljettajan-talviterveiset_2-240x300.jpg 240w, https:\/\/www.etappiaviisi.fi\/2-2025\/wp-content\/uploads\/sites\/7\/2025\/09\/19.-Jatekuljettajan-talviterveiset_2-768x960.jpg 768w, https:\/\/www.etappiaviisi.fi\/2-2025\/wp-content\/uploads\/sites\/7\/2025\/09\/19.-Jatekuljettajan-talviterveiset_2.jpg 1080w\" sizes=\"(max-width: 819px) 100vw, 819px\" \/><\/figure>\n<\/div>\n<\/div>\n\n\n\n<blockquote class=\"wp-block-quote is-layout-flow wp-block-quote-is-layout-flow\">\n<p>Talven keliolosuhteet voivat viiv\u00e4stytt\u00e4\u00e4 tai jopa est\u00e4\u00e4 j\u00e4teastian tyhjennyksen, jos olosuhteista ei ole kiinteist\u00f6ll\u00e4 huolehdittu riitt\u00e4v\u00e4sti.<\/p>\n<\/blockquote>\n\n\n\n<h2 class=\"wp-block-heading\"><strong>J\u00e4teastian k\u00e4yt\u00f6ss\u00e4 huomioitavaa:<\/strong><\/h2>\n\n\n\n<ul class=\"wp-block-list\">\n<li>Pid\u00e4 huoli, ettei j\u00e4teastia j\u00e4\u00e4dy kiinni maahan tai sen sis\u00e4lt\u00f6 tai kansi j\u00e4\u00e4dy kiinni astiaan. Eli putsaa lumet kannesta ja ymp\u00e4rist\u00f6st\u00e4, mik\u00e4 est\u00e4\u00e4 j\u00e4\u00e4tymisen. J\u00e4tteiden j\u00e4\u00e4tymist\u00e4 astian sis\u00e4\u00e4n voi ehk\u00e4ist\u00e4 sill\u00e4, ett\u00e4 pakkaa j\u00e4tteet hyvin ennen astiaan laittamista eik\u00e4 laita nesteit\u00e4 j\u00e4tteiden joukkoon.<\/li>\n\n\n\n<li>Kev\u00e4ttalvella kelirikon sattuessa ilmoita tilanteesta Lakeuden Etapille mahdollisimman nopeasti. J\u00e4teastia voidaan pyyt\u00e4\u00e4 siirt\u00e4m\u00e4\u00e4n kantavan tien varteen tai tyhjennys voidaan keskeytt\u00e4\u00e4 kelirikon ajaksi.<\/li>\n\n\n\n<li>\u00c4l\u00e4 k\u00e4yt\u00e4 j\u00e4teastiaa varastona tai varastoi j\u00e4teastian l\u00e4heisyyteen tai j\u00e4tekatokseen mit\u00e4\u00e4n sellaista, mink\u00e4 haluat s\u00e4ilytt\u00e4\u00e4. J\u00e4tekuljettaja tyhjent\u00e4\u00e4 astian ja ottaa sen vieress\u00e4 olevat esineet j\u00e4teautoon.<\/li>\n\n\n\n<li>J\u00e4teastian puhtaanapito on kiinteist\u00f6nhaltijan vastuulla. Poltettavan j\u00e4tteen astia on pest\u00e4v\u00e4 v\u00e4hint\u00e4\u00e4n kerran vuodessa ja bioj\u00e4tteelle tarkoitettu j\u00e4teastia, my\u00f6s kaksilokeroastia, v\u00e4hint\u00e4\u00e4n kaksi kertaa vuodessa. T\u00e4m\u00e4 kannattaa tehd\u00e4 ennen pakkasia.<\/li>\n<\/ul>\n<\/div>\n<\/div>\n\n\n\n<figure class=\"wp-block-embed is-type-video is-provider-vimeo wp-block-embed-vimeo wp-embed-aspect-16-9 wp-has-aspect-ratio\"><div class=\"wp-block-embed__wrapper\">\n<iframe loading=\"lazy\" title=\"J\u00e4tekuljettajan talviterveisi\u00e4\" src=\"https:\/\/player.vimeo.com\/video\/1018295928?dnt=1&amp;app_id=122963\" width=\"800\" height=\"450\" frameborder=\"0\" allow=\"autoplay; fullscreen; picture-in-picture; clipboard-write; encrypted-media; web-share\" referrerpolicy=\"strict-origin-when-cross-origin\"><\/iframe>\n<\/div><\/figure>\n\n\n\n<p><\/p>\n","protected":false},"excerpt":{"rendered":"<p>Huolehdi ett\u00e4 j\u00e4tekuljettaja p\u00e4\u00e4see tekem\u00e4\u00e4n ty\u00f6ns\u00e4 turvallisesti ja sujuvasti!<\/p>\n","protected":false},"author":10,"featured_media":336,"comment_status":"closed","ping_status":"closed","sticky":false,"template":"","format":"standard","meta":{"_acf_changed":false,"footnotes":""},"categories":[11,12,18],"tags":[],"class_list":["post-80","post","type-post","status-publish","format-standard","has-post-thumbnail","hentry","category-jatekuljetus","category-kiinteistonhaltijan-muistilista","category-toissa-jatehuollossa"],"acf":[],"yoast_head":"<!-- This site is optimized with the Yoast SEO plugin v27.5 - https:\/\/yoast.com\/product\/yoast-seo-wordpress\/ -->\n<title>Varustaudu talvikauteen! - Etappi-aviisi 2\/2025<\/title>\n<meta name=\"robots\" content=\"index, follow, max-snippet:-1, max-image-preview:large, max-video-preview:-1\" \/>\n<link rel=\"canonical\" href=\"https:\/\/www.etappiaviisi.fi\/2-2025\/talvikauden-muistilista-kiinteistonhaltijoille\/\" \/>\n<meta property=\"og:locale\" content=\"fi_FI\" \/>\n<meta property=\"og:type\" content=\"article\" \/>\n<meta property=\"og:title\" content=\"Varustaudu talvikauteen! - Etappi-aviisi 2\/2025\" \/>\n<meta property=\"og:description\" content=\"Huolehdi ett\u00e4 j\u00e4tekuljettaja p\u00e4\u00e4see tekem\u00e4\u00e4n ty\u00f6ns\u00e4 turvallisesti ja sujuvasti!\" \/>\n<meta property=\"og:url\" content=\"https:\/\/www.etappiaviisi.fi\/2-2025\/talvikauden-muistilista-kiinteistonhaltijoille\/\" \/>\n<meta property=\"og:site_name\" content=\"Etappi-aviisi 2\/2025\" \/>\n<meta property=\"article:published_time\" content=\"2025-09-08T06:09:00+00:00\" \/>\n<meta property=\"article:modified_time\" content=\"2025-10-29T12:48:29+00:00\" \/>\n<meta property=\"og:image\" content=\"https:\/\/www.etappiaviisi.fi\/2-2025\/wp-content\/uploads\/sites\/7\/2025\/09\/19.-Jatekuljettajan-talviterveiset_2-819x1024.jpg\" \/>\n\t<meta property=\"og:image:width\" content=\"819\" \/>\n\t<meta property=\"og:image:height\" content=\"1024\" \/>\n\t<meta property=\"og:image:type\" content=\"image\/jpeg\" \/>\n<meta name=\"author\" content=\"jaanahautala\" \/>\n<meta name=\"twitter:card\" content=\"summary_large_image\" \/>\n<meta name=\"twitter:label1\" content=\"Kirjoittanut\" \/>\n\t<meta name=\"twitter:data1\" content=\"jaanahautala\" \/>\n\t<meta name=\"twitter:label2\" content=\"Arvioitu lukuaika\" \/>\n\t<meta name=\"twitter:data2\" content=\"2 minuuttia\" \/>\n<script type=\"application\/ld+json\" class=\"yoast-schema-graph\">{\"@context\":\"https:\\\/\\\/schema.org\",\"@graph\":[{\"@type\":\"Article\",\"@id\":\"https:\\\/\\\/www.etappiaviisi.fi\\\/2-2025\\\/talvikauden-muistilista-kiinteistonhaltijoille\\\/#article\",\"isPartOf\":{\"@id\":\"https:\\\/\\\/www.etappiaviisi.fi\\\/2-2025\\\/talvikauden-muistilista-kiinteistonhaltijoille\\\/\"},\"author\":{\"name\":\"jaanahautala\",\"@id\":\"https:\\\/\\\/www.etappiaviisi.fi\\\/2-2025\\\/#\\\/schema\\\/person\\\/d5e8ecc6c18403bdedb5ddbaa426d458\"},\"headline\":\"Varustaudu talvikauteen!\",\"datePublished\":\"2025-09-08T06:09:00+00:00\",\"dateModified\":\"2025-10-29T12:48:29+00:00\",\"mainEntityOfPage\":{\"@id\":\"https:\\\/\\\/www.etappiaviisi.fi\\\/2-2025\\\/talvikauden-muistilista-kiinteistonhaltijoille\\\/\"},\"wordCount\":314,\"image\":{\"@id\":\"https:\\\/\\\/www.etappiaviisi.fi\\\/2-2025\\\/talvikauden-muistilista-kiinteistonhaltijoille\\\/#primaryimage\"},\"thumbnailUrl\":\"https:\\\/\\\/www.etappiaviisi.fi\\\/2-2025\\\/wp-content\\\/uploads\\\/sites\\\/7\\\/2025\\\/09\\\/19.-Jatekuljettajan-talviterveiset_2.jpg\",\"articleSection\":[\"J\u00e4tekuljetus\",\"Kiinteist\u00f6nhaltijan muistilista\",\"T\u00f6iss\u00e4 j\u00e4tehuollossa\"],\"inLanguage\":\"fi\"},{\"@type\":\"WebPage\",\"@id\":\"https:\\\/\\\/www.etappiaviisi.fi\\\/2-2025\\\/talvikauden-muistilista-kiinteistonhaltijoille\\\/\",\"url\":\"https:\\\/\\\/www.etappiaviisi.fi\\\/2-2025\\\/talvikauden-muistilista-kiinteistonhaltijoille\\\/\",\"name\":\"Varustaudu talvikauteen! - Etappi-aviisi 2\\\/2025\",\"isPartOf\":{\"@id\":\"https:\\\/\\\/www.etappiaviisi.fi\\\/2-2025\\\/#website\"},\"primaryImageOfPage\":{\"@id\":\"https:\\\/\\\/www.etappiaviisi.fi\\\/2-2025\\\/talvikauden-muistilista-kiinteistonhaltijoille\\\/#primaryimage\"},\"image\":{\"@id\":\"https:\\\/\\\/www.etappiaviisi.fi\\\/2-2025\\\/talvikauden-muistilista-kiinteistonhaltijoille\\\/#primaryimage\"},\"thumbnailUrl\":\"https:\\\/\\\/www.etappiaviisi.fi\\\/2-2025\\\/wp-content\\\/uploads\\\/sites\\\/7\\\/2025\\\/09\\\/19.-Jatekuljettajan-talviterveiset_2.jpg\",\"datePublished\":\"2025-09-08T06:09:00+00:00\",\"dateModified\":\"2025-10-29T12:48:29+00:00\",\"author\":{\"@id\":\"https:\\\/\\\/www.etappiaviisi.fi\\\/2-2025\\\/#\\\/schema\\\/person\\\/d5e8ecc6c18403bdedb5ddbaa426d458\"},\"breadcrumb\":{\"@id\":\"https:\\\/\\\/www.etappiaviisi.fi\\\/2-2025\\\/talvikauden-muistilista-kiinteistonhaltijoille\\\/#breadcrumb\"},\"inLanguage\":\"fi\",\"potentialAction\":[{\"@type\":\"ReadAction\",\"target\":[\"https:\\\/\\\/www.etappiaviisi.fi\\\/2-2025\\\/talvikauden-muistilista-kiinteistonhaltijoille\\\/\"]}]},{\"@type\":\"ImageObject\",\"inLanguage\":\"fi\",\"@id\":\"https:\\\/\\\/www.etappiaviisi.fi\\\/2-2025\\\/talvikauden-muistilista-kiinteistonhaltijoille\\\/#primaryimage\",\"url\":\"https:\\\/\\\/www.etappiaviisi.fi\\\/2-2025\\\/wp-content\\\/uploads\\\/sites\\\/7\\\/2025\\\/09\\\/19.-Jatekuljettajan-talviterveiset_2.jpg\",\"contentUrl\":\"https:\\\/\\\/www.etappiaviisi.fi\\\/2-2025\\\/wp-content\\\/uploads\\\/sites\\\/7\\\/2025\\\/09\\\/19.-Jatekuljettajan-talviterveiset_2.jpg\",\"width\":1080,\"height\":1350},{\"@type\":\"BreadcrumbList\",\"@id\":\"https:\\\/\\\/www.etappiaviisi.fi\\\/2-2025\\\/talvikauden-muistilista-kiinteistonhaltijoille\\\/#breadcrumb\",\"itemListElement\":[{\"@type\":\"ListItem\",\"position\":1,\"name\":\"Etusivu\",\"item\":\"https:\\\/\\\/www.etappiaviisi.fi\\\/2-2025\\\/\"},{\"@type\":\"ListItem\",\"position\":2,\"name\":\"Varustaudu talvikauteen!\"}]},{\"@type\":\"WebSite\",\"@id\":\"https:\\\/\\\/www.etappiaviisi.fi\\\/2-2025\\\/#website\",\"url\":\"https:\\\/\\\/www.etappiaviisi.fi\\\/2-2025\\\/\",\"name\":\"Etappi-aviisi 2\\\/2025\",\"description\":\"\",\"potentialAction\":[{\"@type\":\"SearchAction\",\"target\":{\"@type\":\"EntryPoint\",\"urlTemplate\":\"https:\\\/\\\/www.etappiaviisi.fi\\\/2-2025\\\/?s={search_term_string}\"},\"query-input\":{\"@type\":\"PropertyValueSpecification\",\"valueRequired\":true,\"valueName\":\"search_term_string\"}}],\"inLanguage\":\"fi\"},{\"@type\":\"Person\",\"@id\":\"https:\\\/\\\/www.etappiaviisi.fi\\\/2-2025\\\/#\\\/schema\\\/person\\\/d5e8ecc6c18403bdedb5ddbaa426d458\",\"name\":\"jaanahautala\",\"url\":\"https:\\\/\\\/www.etappiaviisi.fi\\\/2-2025\\\/author\\\/jaanahautala\\\/\"}]}<\/script>\n<!-- \/ Yoast SEO plugin. -->","yoast_head_json":{"title":"Varustaudu talvikauteen! - Etappi-aviisi 2\/2025","robots":{"index":"index","follow":"follow","max-snippet":"max-snippet:-1","max-image-preview":"max-image-preview:large","max-video-preview":"max-video-preview:-1"},"canonical":"https:\/\/www.etappiaviisi.fi\/2-2025\/talvikauden-muistilista-kiinteistonhaltijoille\/","og_locale":"fi_FI","og_type":"article","og_title":"Varustaudu talvikauteen! - Etappi-aviisi 2\/2025","og_description":"Huolehdi ett\u00e4 j\u00e4tekuljettaja p\u00e4\u00e4see tekem\u00e4\u00e4n ty\u00f6ns\u00e4 turvallisesti ja sujuvasti!","og_url":"https:\/\/www.etappiaviisi.fi\/2-2025\/talvikauden-muistilista-kiinteistonhaltijoille\/","og_site_name":"Etappi-aviisi 2\/2025","article_published_time":"2025-09-08T06:09:00+00:00","article_modified_time":"2025-10-29T12:48:29+00:00","og_image":[{"width":819,"height":1024,"url":"https:\/\/www.etappiaviisi.fi\/2-2025\/wp-content\/uploads\/sites\/7\/2025\/09\/19.-Jatekuljettajan-talviterveiset_2-819x1024.jpg","type":"image\/jpeg"}],"author":"jaanahautala","twitter_card":"summary_large_image","twitter_misc":{"Kirjoittanut":"jaanahautala","Arvioitu lukuaika":"2 minuuttia"},"schema":{"@context":"https:\/\/schema.org","@graph":[{"@type":"Article","@id":"https:\/\/www.etappiaviisi.fi\/2-2025\/talvikauden-muistilista-kiinteistonhaltijoille\/#article","isPartOf":{"@id":"https:\/\/www.etappiaviisi.fi\/2-2025\/talvikauden-muistilista-kiinteistonhaltijoille\/"},"author":{"name":"jaanahautala","@id":"https:\/\/www.etappiaviisi.fi\/2-2025\/#\/schema\/person\/d5e8ecc6c18403bdedb5ddbaa426d458"},"headline":"Varustaudu talvikauteen!","datePublished":"2025-09-08T06:09:00+00:00","dateModified":"2025-10-29T12:48:29+00:00","mainEntityOfPage":{"@id":"https:\/\/www.etappiaviisi.fi\/2-2025\/talvikauden-muistilista-kiinteistonhaltijoille\/"},"wordCount":314,"image":{"@id":"https:\/\/www.etappiaviisi.fi\/2-2025\/talvikauden-muistilista-kiinteistonhaltijoille\/#primaryimage"},"thumbnailUrl":"https:\/\/www.etappiaviisi.fi\/2-2025\/wp-content\/uploads\/sites\/7\/2025\/09\/19.-Jatekuljettajan-talviterveiset_2.jpg","articleSection":["J\u00e4tekuljetus","Kiinteist\u00f6nhaltijan muistilista","T\u00f6iss\u00e4 j\u00e4tehuollossa"],"inLanguage":"fi"},{"@type":"WebPage","@id":"https:\/\/www.etappiaviisi.fi\/2-2025\/talvikauden-muistilista-kiinteistonhaltijoille\/","url":"https:\/\/www.etappiaviisi.fi\/2-2025\/talvikauden-muistilista-kiinteistonhaltijoille\/","name":"Varustaudu talvikauteen! - Etappi-aviisi 2\/2025","isPartOf":{"@id":"https:\/\/www.etappiaviisi.fi\/2-2025\/#website"},"primaryImageOfPage":{"@id":"https:\/\/www.etappiaviisi.fi\/2-2025\/talvikauden-muistilista-kiinteistonhaltijoille\/#primaryimage"},"image":{"@id":"https:\/\/www.etappiaviisi.fi\/2-2025\/talvikauden-muistilista-kiinteistonhaltijoille\/#primaryimage"},"thumbnailUrl":"https:\/\/www.etappiaviisi.fi\/2-2025\/wp-content\/uploads\/sites\/7\/2025\/09\/19.-Jatekuljettajan-talviterveiset_2.jpg","datePublished":"2025-09-08T06:09:00+00:00","dateModified":"2025-10-29T12:48:29+00:00","author":{"@id":"https:\/\/www.etappiaviisi.fi\/2-2025\/#\/schema\/person\/d5e8ecc6c18403bdedb5ddbaa426d458"},"breadcrumb":{"@id":"https:\/\/www.etappiaviisi.fi\/2-2025\/talvikauden-muistilista-kiinteistonhaltijoille\/#breadcrumb"},"inLanguage":"fi","potentialAction":[{"@type":"ReadAction","target":["https:\/\/www.etappiaviisi.fi\/2-2025\/talvikauden-muistilista-kiinteistonhaltijoille\/"]}]},{"@type":"ImageObject","inLanguage":"fi","@id":"https:\/\/www.etappiaviisi.fi\/2-2025\/talvikauden-muistilista-kiinteistonhaltijoille\/#primaryimage","url":"https:\/\/www.etappiaviisi.fi\/2-2025\/wp-content\/uploads\/sites\/7\/2025\/09\/19.-Jatekuljettajan-talviterveiset_2.jpg","contentUrl":"https:\/\/www.etappiaviisi.fi\/2-2025\/wp-content\/uploads\/sites\/7\/2025\/09\/19.-Jatekuljettajan-talviterveiset_2.jpg","width":1080,"height":1350},{"@type":"BreadcrumbList","@id":"https:\/\/www.etappiaviisi.fi\/2-2025\/talvikauden-muistilista-kiinteistonhaltijoille\/#breadcrumb","itemListElement":[{"@type":"ListItem","position":1,"name":"Etusivu","item":"https:\/\/www.etappiaviisi.fi\/2-2025\/"},{"@type":"ListItem","position":2,"name":"Varustaudu talvikauteen!"}]},{"@type":"WebSite","@id":"https:\/\/www.etappiaviisi.fi\/2-2025\/#website","url":"https:\/\/www.etappiaviisi.fi\/2-2025\/","name":"Etappi-aviisi 2\/2025","description":"","potentialAction":[{"@type":"SearchAction","target":{"@type":"EntryPoint","urlTemplate":"https:\/\/www.etappiaviisi.fi\/2-2025\/?s={search_term_string}"},"query-input":{"@type":"PropertyValueSpecification","valueRequired":true,"valueName":"search_term_string"}}],"inLanguage":"fi"},{"@type":"Person","@id":"https:\/\/www.etappiaviisi.fi\/2-2025\/#\/schema\/person\/d5e8ecc6c18403bdedb5ddbaa426d458","name":"jaanahautala","url":"https:\/\/www.etappiaviisi.fi\/2-2025\/author\/jaanahautala\/"}]}},"_links":{"self":[{"href":"https:\/\/www.etappiaviisi.fi\/2-2025\/wp-json\/wp\/v2\/posts\/80","targetHints":{"allow":["GET"]}}],"collection":[{"href":"https:\/\/www.etappiaviisi.fi\/2-2025\/wp-json\/wp\/v2\/posts"}],"about":[{"href":"https:\/\/www.etappiaviisi.fi\/2-2025\/wp-json\/wp\/v2\/types\/post"}],"author":[{"embeddable":true,"href":"https:\/\/www.etappiaviisi.fi\/2-2025\/wp-json\/wp\/v2\/users\/10"}],"replies":[{"embeddable":true,"href":"https:\/\/www.etappiaviisi.fi\/2-2025\/wp-json\/wp\/v2\/comments?post=80"}],"version-history":[{"count":14,"href":"https:\/\/www.etappiaviisi.fi\/2-2025\/wp-json\/wp\/v2\/posts\/80\/revisions"}],"predecessor-version":[{"id":1092,"href":"https:\/\/www.etappiaviisi.fi\/2-2025\/wp-json\/wp\/v2\/posts\/80\/revisions\/1092"}],"wp:featuredmedia":[{"embeddable":true,"href":"https:\/\/www.etappiaviisi.fi\/2-2025\/wp-json\/wp\/v2\/media\/336"}],"wp:attachment":[{"href":"https:\/\/www.etappiaviisi.fi\/2-2025\/wp-json\/wp\/v2\/media?parent=80"}],"wp:term":[{"taxonomy":"category","embeddable":true,"href":"https:\/\/www.etappiaviisi.fi\/2-2025\/wp-json\/wp\/v2\/categories?post=80"},{"taxonomy":"post_tag","embeddable":true,"href":"https:\/\/www.etappiaviisi.fi\/2-2025\/wp-json\/wp\/v2\/tags?post=80"}],"curies":[{"name":"wp","href":"https:\/\/api.w.org\/{rel}","templated":true}]}}