{"id":72,"date":"2025-09-08T09:10:00","date_gmt":"2025-09-08T06:10:00","guid":{"rendered":"https:\/\/www.etappiaviisi.fi\/2-2025\/?p=72"},"modified":"2025-09-25T14:04:50","modified_gmt":"2025-09-25T11:04:50","slug":"kurikan-uusi-re-piste-kiinnosti-asuela-messuilla","status":"publish","type":"post","link":"https:\/\/www.etappiaviisi.fi\/2-2025\/kurikan-uusi-re-piste-kiinnosti-asuela-messuilla\/","title":{"rendered":"Kurikan uusi RE-piste kiinnosti Asu&amp;El\u00e4 -messuilla"},"content":{"rendered":"\n<div class=\"wp-block-columns is-layout-flex wp-container-core-columns-is-layout-9d6595d7 wp-block-columns-is-layout-flex\">\n<div class=\"wp-block-column is-layout-flow wp-block-column-is-layout-flow\">\n<p>Etapin messuosastolla oli mukava p\u00f6hin\u00e4, kun asiakkaat tulivat kuulemaan uudesta RE-pisteest\u00e4 ja latailivat RE-appia k\u00e4ytt\u00f6\u00f6ns\u00e4 Kurikan Asu&amp;El\u00e4 -messuilla huhtikuussa. Itsepalvelumahdollisuus her\u00e4tti mielenkiintoa ja sai kiitosta. Asiakkaat saivat osastolla opastusta itsepalveluasiointiin RE-apilla.<\/p>\n\n\n\n<p>Etapin messuosastolla sai osallistua my\u00f6s arvontaa, jossa arvottiin palkinnoksi Ranu-maanparannusraetta. Voittajia arvottiin kolme ja onni suosi: <strong>Kaijaa Ilmajoelta,<\/strong> <strong>Sirpaa Kurikasta<\/strong> sek\u00e4 <strong>P\u00e4ivi\u00e4 Kurikasta.<\/strong><\/p>\n<\/div>\n<\/div>\n","protected":false},"excerpt":{"rendered":"<p>Etapin messuosastolla oli mukava p\u00f6hin\u00e4, kun asiakkaat tulivat kuulemaan uudesta RE-pisteest\u00e4 ja latailivat RE-appia k\u00e4ytt\u00f6\u00f6ns\u00e4 Kurikan Asu&amp;El\u00e4 -messuilla huhtikuussa. Itsepalvelumahdollisuus her\u00e4tti mielenkiintoa ja sai kiitosta.&hellip;<\/p>\n","protected":false},"author":10,"featured_media":472,"comment_status":"closed","ping_status":"closed","sticky":false,"template":"","format":"standard","meta":{"_acf_changed":false,"footnotes":""},"categories":[17],"tags":[],"class_list":["post-72","post","type-post","status-publish","format-standard","has-post-thumbnail","hentry","category-tapahtumat"],"acf":[],"yoast_head":"<!-- This site is optimized with the Yoast SEO plugin v27.5 - https:\/\/yoast.com\/product\/yoast-seo-wordpress\/ -->\n<title>Kurikan uusi RE-piste kiinnosti Asu&amp;El\u00e4 -messuilla - Etappi-aviisi 2\/2025<\/title>\n<meta name=\"robots\" content=\"index, follow, max-snippet:-1, max-image-preview:large, max-video-preview:-1\" \/>\n<link rel=\"canonical\" href=\"https:\/\/www.etappiaviisi.fi\/2-2025\/kurikan-uusi-re-piste-kiinnosti-asuela-messuilla\/\" \/>\n<meta property=\"og:locale\" content=\"fi_FI\" \/>\n<meta property=\"og:type\" content=\"article\" \/>\n<meta property=\"og:title\" content=\"Kurikan uusi RE-piste kiinnosti Asu&amp;El\u00e4 -messuilla - Etappi-aviisi 2\/2025\" \/>\n<meta property=\"og:description\" content=\"Etapin messuosastolla oli mukava p\u00f6hin\u00e4, kun asiakkaat tulivat kuulemaan uudesta RE-pisteest\u00e4 ja latailivat RE-appia k\u00e4ytt\u00f6\u00f6ns\u00e4 Kurikan Asu&amp;El\u00e4 -messuilla huhtikuussa. Itsepalvelumahdollisuus her\u00e4tti mielenkiintoa ja sai kiitosta.&hellip;\" \/>\n<meta property=\"og:url\" content=\"https:\/\/www.etappiaviisi.fi\/2-2025\/kurikan-uusi-re-piste-kiinnosti-asuela-messuilla\/\" \/>\n<meta property=\"og:site_name\" content=\"Etappi-aviisi 2\/2025\" \/>\n<meta property=\"article:published_time\" content=\"2025-09-08T06:10:00+00:00\" \/>\n<meta property=\"article:modified_time\" content=\"2025-09-25T11:04:50+00:00\" \/>\n<meta property=\"og:image\" content=\"https:\/\/www.etappiaviisi.fi\/2-2025\/wp-content\/uploads\/sites\/7\/2025\/09\/15.-Asu-ja-ela-1024x768.jpg\" \/>\n\t<meta property=\"og:image:width\" content=\"1024\" \/>\n\t<meta property=\"og:image:height\" content=\"768\" \/>\n\t<meta property=\"og:image:type\" content=\"image\/jpeg\" \/>\n<meta name=\"author\" content=\"jaanahautala\" \/>\n<meta name=\"twitter:card\" content=\"summary_large_image\" \/>\n<meta name=\"twitter:label1\" content=\"Kirjoittanut\" \/>\n\t<meta name=\"twitter:data1\" content=\"jaanahautala\" \/>\n\t<meta name=\"twitter:label2\" content=\"Arvioitu lukuaika\" \/>\n\t<meta name=\"twitter:data2\" content=\"1 minuutti\" \/>\n<script type=\"application\/ld+json\" class=\"yoast-schema-graph\">{\"@context\":\"https:\\\/\\\/schema.org\",\"@graph\":[{\"@type\":\"Article\",\"@id\":\"https:\\\/\\\/www.etappiaviisi.fi\\\/2-2025\\\/kurikan-uusi-re-piste-kiinnosti-asuela-messuilla\\\/#article\",\"isPartOf\":{\"@id\":\"https:\\\/\\\/www.etappiaviisi.fi\\\/2-2025\\\/kurikan-uusi-re-piste-kiinnosti-asuela-messuilla\\\/\"},\"author\":{\"name\":\"jaanahautala\",\"@id\":\"https:\\\/\\\/www.etappiaviisi.fi\\\/2-2025\\\/#\\\/schema\\\/person\\\/d5e8ecc6c18403bdedb5ddbaa426d458\"},\"headline\":\"Kurikan uusi RE-piste kiinnosti Asu&amp;El\u00e4 -messuilla\",\"datePublished\":\"2025-09-08T06:10:00+00:00\",\"dateModified\":\"2025-09-25T11:04:50+00:00\",\"mainEntityOfPage\":{\"@id\":\"https:\\\/\\\/www.etappiaviisi.fi\\\/2-2025\\\/kurikan-uusi-re-piste-kiinnosti-asuela-messuilla\\\/\"},\"wordCount\":70,\"image\":{\"@id\":\"https:\\\/\\\/www.etappiaviisi.fi\\\/2-2025\\\/kurikan-uusi-re-piste-kiinnosti-asuela-messuilla\\\/#primaryimage\"},\"thumbnailUrl\":\"https:\\\/\\\/www.etappiaviisi.fi\\\/2-2025\\\/wp-content\\\/uploads\\\/sites\\\/7\\\/2025\\\/09\\\/15.-Asu-ja-ela-scaled.jpg\",\"articleSection\":[\"Tapahtumat\"],\"inLanguage\":\"fi\"},{\"@type\":\"WebPage\",\"@id\":\"https:\\\/\\\/www.etappiaviisi.fi\\\/2-2025\\\/kurikan-uusi-re-piste-kiinnosti-asuela-messuilla\\\/\",\"url\":\"https:\\\/\\\/www.etappiaviisi.fi\\\/2-2025\\\/kurikan-uusi-re-piste-kiinnosti-asuela-messuilla\\\/\",\"name\":\"Kurikan uusi RE-piste kiinnosti Asu&amp;El\u00e4 -messuilla - Etappi-aviisi 2\\\/2025\",\"isPartOf\":{\"@id\":\"https:\\\/\\\/www.etappiaviisi.fi\\\/2-2025\\\/#website\"},\"primaryImageOfPage\":{\"@id\":\"https:\\\/\\\/www.etappiaviisi.fi\\\/2-2025\\\/kurikan-uusi-re-piste-kiinnosti-asuela-messuilla\\\/#primaryimage\"},\"image\":{\"@id\":\"https:\\\/\\\/www.etappiaviisi.fi\\\/2-2025\\\/kurikan-uusi-re-piste-kiinnosti-asuela-messuilla\\\/#primaryimage\"},\"thumbnailUrl\":\"https:\\\/\\\/www.etappiaviisi.fi\\\/2-2025\\\/wp-content\\\/uploads\\\/sites\\\/7\\\/2025\\\/09\\\/15.-Asu-ja-ela-scaled.jpg\",\"datePublished\":\"2025-09-08T06:10:00+00:00\",\"dateModified\":\"2025-09-25T11:04:50+00:00\",\"author\":{\"@id\":\"https:\\\/\\\/www.etappiaviisi.fi\\\/2-2025\\\/#\\\/schema\\\/person\\\/d5e8ecc6c18403bdedb5ddbaa426d458\"},\"breadcrumb\":{\"@id\":\"https:\\\/\\\/www.etappiaviisi.fi\\\/2-2025\\\/kurikan-uusi-re-piste-kiinnosti-asuela-messuilla\\\/#breadcrumb\"},\"inLanguage\":\"fi\",\"potentialAction\":[{\"@type\":\"ReadAction\",\"target\":[\"https:\\\/\\\/www.etappiaviisi.fi\\\/2-2025\\\/kurikan-uusi-re-piste-kiinnosti-asuela-messuilla\\\/\"]}]},{\"@type\":\"ImageObject\",\"inLanguage\":\"fi\",\"@id\":\"https:\\\/\\\/www.etappiaviisi.fi\\\/2-2025\\\/kurikan-uusi-re-piste-kiinnosti-asuela-messuilla\\\/#primaryimage\",\"url\":\"https:\\\/\\\/www.etappiaviisi.fi\\\/2-2025\\\/wp-content\\\/uploads\\\/sites\\\/7\\\/2025\\\/09\\\/15.-Asu-ja-ela-scaled.jpg\",\"contentUrl\":\"https:\\\/\\\/www.etappiaviisi.fi\\\/2-2025\\\/wp-content\\\/uploads\\\/sites\\\/7\\\/2025\\\/09\\\/15.-Asu-ja-ela-scaled.jpg\",\"width\":2560,\"height\":1920},{\"@type\":\"BreadcrumbList\",\"@id\":\"https:\\\/\\\/www.etappiaviisi.fi\\\/2-2025\\\/kurikan-uusi-re-piste-kiinnosti-asuela-messuilla\\\/#breadcrumb\",\"itemListElement\":[{\"@type\":\"ListItem\",\"position\":1,\"name\":\"Etusivu\",\"item\":\"https:\\\/\\\/www.etappiaviisi.fi\\\/2-2025\\\/\"},{\"@type\":\"ListItem\",\"position\":2,\"name\":\"Kurikan uusi RE-piste kiinnosti Asu&amp;El\u00e4 -messuilla\"}]},{\"@type\":\"WebSite\",\"@id\":\"https:\\\/\\\/www.etappiaviisi.fi\\\/2-2025\\\/#website\",\"url\":\"https:\\\/\\\/www.etappiaviisi.fi\\\/2-2025\\\/\",\"name\":\"Etappi-aviisi 2\\\/2025\",\"description\":\"\",\"potentialAction\":[{\"@type\":\"SearchAction\",\"target\":{\"@type\":\"EntryPoint\",\"urlTemplate\":\"https:\\\/\\\/www.etappiaviisi.fi\\\/2-2025\\\/?s={search_term_string}\"},\"query-input\":{\"@type\":\"PropertyValueSpecification\",\"valueRequired\":true,\"valueName\":\"search_term_string\"}}],\"inLanguage\":\"fi\"},{\"@type\":\"Person\",\"@id\":\"https:\\\/\\\/www.etappiaviisi.fi\\\/2-2025\\\/#\\\/schema\\\/person\\\/d5e8ecc6c18403bdedb5ddbaa426d458\",\"name\":\"jaanahautala\",\"url\":\"https:\\\/\\\/www.etappiaviisi.fi\\\/2-2025\\\/author\\\/jaanahautala\\\/\"}]}<\/script>\n<!-- \/ Yoast SEO plugin. -->","yoast_head_json":{"title":"Kurikan uusi RE-piste kiinnosti Asu&amp;El\u00e4 -messuilla - Etappi-aviisi 2\/2025","robots":{"index":"index","follow":"follow","max-snippet":"max-snippet:-1","max-image-preview":"max-image-preview:large","max-video-preview":"max-video-preview:-1"},"canonical":"https:\/\/www.etappiaviisi.fi\/2-2025\/kurikan-uusi-re-piste-kiinnosti-asuela-messuilla\/","og_locale":"fi_FI","og_type":"article","og_title":"Kurikan uusi RE-piste kiinnosti Asu&amp;El\u00e4 -messuilla - Etappi-aviisi 2\/2025","og_description":"Etapin messuosastolla oli mukava p\u00f6hin\u00e4, kun asiakkaat tulivat kuulemaan uudesta RE-pisteest\u00e4 ja latailivat RE-appia k\u00e4ytt\u00f6\u00f6ns\u00e4 Kurikan Asu&amp;El\u00e4 -messuilla huhtikuussa. Itsepalvelumahdollisuus her\u00e4tti mielenkiintoa ja sai kiitosta.&hellip;","og_url":"https:\/\/www.etappiaviisi.fi\/2-2025\/kurikan-uusi-re-piste-kiinnosti-asuela-messuilla\/","og_site_name":"Etappi-aviisi 2\/2025","article_published_time":"2025-09-08T06:10:00+00:00","article_modified_time":"2025-09-25T11:04:50+00:00","og_image":[{"width":1024,"height":768,"url":"https:\/\/www.etappiaviisi.fi\/2-2025\/wp-content\/uploads\/sites\/7\/2025\/09\/15.-Asu-ja-ela-1024x768.jpg","type":"image\/jpeg"}],"author":"jaanahautala","twitter_card":"summary_large_image","twitter_misc":{"Kirjoittanut":"jaanahautala","Arvioitu lukuaika":"1 minuutti"},"schema":{"@context":"https:\/\/schema.org","@graph":[{"@type":"Article","@id":"https:\/\/www.etappiaviisi.fi\/2-2025\/kurikan-uusi-re-piste-kiinnosti-asuela-messuilla\/#article","isPartOf":{"@id":"https:\/\/www.etappiaviisi.fi\/2-2025\/kurikan-uusi-re-piste-kiinnosti-asuela-messuilla\/"},"author":{"name":"jaanahautala","@id":"https:\/\/www.etappiaviisi.fi\/2-2025\/#\/schema\/person\/d5e8ecc6c18403bdedb5ddbaa426d458"},"headline":"Kurikan uusi RE-piste kiinnosti Asu&amp;El\u00e4 -messuilla","datePublished":"2025-09-08T06:10:00+00:00","dateModified":"2025-09-25T11:04:50+00:00","mainEntityOfPage":{"@id":"https:\/\/www.etappiaviisi.fi\/2-2025\/kurikan-uusi-re-piste-kiinnosti-asuela-messuilla\/"},"wordCount":70,"image":{"@id":"https:\/\/www.etappiaviisi.fi\/2-2025\/kurikan-uusi-re-piste-kiinnosti-asuela-messuilla\/#primaryimage"},"thumbnailUrl":"https:\/\/www.etappiaviisi.fi\/2-2025\/wp-content\/uploads\/sites\/7\/2025\/09\/15.-Asu-ja-ela-scaled.jpg","articleSection":["Tapahtumat"],"inLanguage":"fi"},{"@type":"WebPage","@id":"https:\/\/www.etappiaviisi.fi\/2-2025\/kurikan-uusi-re-piste-kiinnosti-asuela-messuilla\/","url":"https:\/\/www.etappiaviisi.fi\/2-2025\/kurikan-uusi-re-piste-kiinnosti-asuela-messuilla\/","name":"Kurikan uusi RE-piste kiinnosti Asu&amp;El\u00e4 -messuilla - Etappi-aviisi 2\/2025","isPartOf":{"@id":"https:\/\/www.etappiaviisi.fi\/2-2025\/#website"},"primaryImageOfPage":{"@id":"https:\/\/www.etappiaviisi.fi\/2-2025\/kurikan-uusi-re-piste-kiinnosti-asuela-messuilla\/#primaryimage"},"image":{"@id":"https:\/\/www.etappiaviisi.fi\/2-2025\/kurikan-uusi-re-piste-kiinnosti-asuela-messuilla\/#primaryimage"},"thumbnailUrl":"https:\/\/www.etappiaviisi.fi\/2-2025\/wp-content\/uploads\/sites\/7\/2025\/09\/15.-Asu-ja-ela-scaled.jpg","datePublished":"2025-09-08T06:10:00+00:00","dateModified":"2025-09-25T11:04:50+00:00","author":{"@id":"https:\/\/www.etappiaviisi.fi\/2-2025\/#\/schema\/person\/d5e8ecc6c18403bdedb5ddbaa426d458"},"breadcrumb":{"@id":"https:\/\/www.etappiaviisi.fi\/2-2025\/kurikan-uusi-re-piste-kiinnosti-asuela-messuilla\/#breadcrumb"},"inLanguage":"fi","potentialAction":[{"@type":"ReadAction","target":["https:\/\/www.etappiaviisi.fi\/2-2025\/kurikan-uusi-re-piste-kiinnosti-asuela-messuilla\/"]}]},{"@type":"ImageObject","inLanguage":"fi","@id":"https:\/\/www.etappiaviisi.fi\/2-2025\/kurikan-uusi-re-piste-kiinnosti-asuela-messuilla\/#primaryimage","url":"https:\/\/www.etappiaviisi.fi\/2-2025\/wp-content\/uploads\/sites\/7\/2025\/09\/15.-Asu-ja-ela-scaled.jpg","contentUrl":"https:\/\/www.etappiaviisi.fi\/2-2025\/wp-content\/uploads\/sites\/7\/2025\/09\/15.-Asu-ja-ela-scaled.jpg","width":2560,"height":1920},{"@type":"BreadcrumbList","@id":"https:\/\/www.etappiaviisi.fi\/2-2025\/kurikan-uusi-re-piste-kiinnosti-asuela-messuilla\/#breadcrumb","itemListElement":[{"@type":"ListItem","position":1,"name":"Etusivu","item":"https:\/\/www.etappiaviisi.fi\/2-2025\/"},{"@type":"ListItem","position":2,"name":"Kurikan uusi RE-piste kiinnosti Asu&amp;El\u00e4 -messuilla"}]},{"@type":"WebSite","@id":"https:\/\/www.etappiaviisi.fi\/2-2025\/#website","url":"https:\/\/www.etappiaviisi.fi\/2-2025\/","name":"Etappi-aviisi 2\/2025","description":"","potentialAction":[{"@type":"SearchAction","target":{"@type":"EntryPoint","urlTemplate":"https:\/\/www.etappiaviisi.fi\/2-2025\/?s={search_term_string}"},"query-input":{"@type":"PropertyValueSpecification","valueRequired":true,"valueName":"search_term_string"}}],"inLanguage":"fi"},{"@type":"Person","@id":"https:\/\/www.etappiaviisi.fi\/2-2025\/#\/schema\/person\/d5e8ecc6c18403bdedb5ddbaa426d458","name":"jaanahautala","url":"https:\/\/www.etappiaviisi.fi\/2-2025\/author\/jaanahautala\/"}]}},"_links":{"self":[{"href":"https:\/\/www.etappiaviisi.fi\/2-2025\/wp-json\/wp\/v2\/posts\/72","targetHints":{"allow":["GET"]}}],"collection":[{"href":"https:\/\/www.etappiaviisi.fi\/2-2025\/wp-json\/wp\/v2\/posts"}],"about":[{"href":"https:\/\/www.etappiaviisi.fi\/2-2025\/wp-json\/wp\/v2\/types\/post"}],"author":[{"embeddable":true,"href":"https:\/\/www.etappiaviisi.fi\/2-2025\/wp-json\/wp\/v2\/users\/10"}],"replies":[{"embeddable":true,"href":"https:\/\/www.etappiaviisi.fi\/2-2025\/wp-json\/wp\/v2\/comments?post=72"}],"version-history":[{"count":3,"href":"https:\/\/www.etappiaviisi.fi\/2-2025\/wp-json\/wp\/v2\/posts\/72\/revisions"}],"predecessor-version":[{"id":448,"href":"https:\/\/www.etappiaviisi.fi\/2-2025\/wp-json\/wp\/v2\/posts\/72\/revisions\/448"}],"wp:featuredmedia":[{"embeddable":true,"href":"https:\/\/www.etappiaviisi.fi\/2-2025\/wp-json\/wp\/v2\/media\/472"}],"wp:attachment":[{"href":"https:\/\/www.etappiaviisi.fi\/2-2025\/wp-json\/wp\/v2\/media?parent=72"}],"wp:term":[{"taxonomy":"category","embeddable":true,"href":"https:\/\/www.etappiaviisi.fi\/2-2025\/wp-json\/wp\/v2\/categories?post=72"},{"taxonomy":"post_tag","embeddable":true,"href":"https:\/\/www.etappiaviisi.fi\/2-2025\/wp-json\/wp\/v2\/tags?post=72"}],"curies":[{"name":"wp","href":"https:\/\/api.w.org\/{rel}","templated":true}]}}