{"id":66,"date":"2025-09-08T09:03:00","date_gmt":"2025-09-08T06:03:00","guid":{"rendered":"https:\/\/www.etappiaviisi.fi\/2-2025\/?p=66"},"modified":"2025-09-29T13:01:47","modified_gmt":"2025-09-29T10:01:47","slug":"etapin-hiilijalanjalki-pieneni-biojate-kerataan-pienemmilla-paastoilla","status":"publish","type":"post","link":"https:\/\/www.etappiaviisi.fi\/2-2025\/etapin-hiilijalanjalki-pieneni-biojate-kerataan-pienemmilla-paastoilla\/","title":{"rendered":"Etapin hiilijalanj\u00e4lki pieneni \u2013 bioj\u00e4te ker\u00e4t\u00e4\u00e4n pienemmill\u00e4 p\u00e4\u00e4st\u00f6ill\u00e4"},"content":{"rendered":"\n<div class=\"wp-block-columns is-layout-flex wp-container-core-columns-is-layout-9d6595d7 wp-block-columns-is-layout-flex\">\n<div class=\"wp-block-column is-layout-flow wp-block-column-is-layout-flow\">\n<p>Etapin hiilijalanj\u00e4lki pieneni kokonaisuudessaan edellisvuodesta, j\u00e4tekuljetusten osuus hiilijalanj\u00e4ljess\u00e4 kuitenkin kasvoi +58 tonnia CO2e. Kuljetusten p\u00e4\u00e4st\u00f6t kasvoivat bioj\u00e4tteen, pakkausj\u00e4tteiden, saostus- ja umpis\u00e4ili\u00f6lietteiden sek\u00e4 j\u00e4teasemien siirtokuljetusten osalta.<\/p>\n\n\n\n<p>Erillisker\u00e4yksien osalta p\u00e4\u00e4st\u00f6kasvu syntyi suoraan monilokeroker\u00e4yksen laajentumisen my\u00f6t\u00e4, mik\u00e4 on pident\u00e4nyt tyhjennysreittimatkoja astiam\u00e4\u00e4r\u00e4n kasvaessa. Muiden j\u00e4tteiden kuljetusten osalta p\u00e4\u00e4st\u00f6kasvu on per\u00e4isin tyhjennysreittien laajentumisesta sek\u00e4 j\u00e4tem\u00e4\u00e4r\u00e4n kasvusta.<\/p>\n\n\n\n<p>\u2013&nbsp;P\u00e4\u00e4st\u00f6t ovat kuitenkin kasvaneet huomattavasti v\u00e4hemm\u00e4n siihen verrattuna, kuin jos erillisker\u00e4ys olisi toteutettu jokaiselle j\u00e4telajille erikseen. Ker\u00e4yst\u00e4 oli joka tapauksessa laajennettava j\u00e4telain muutoksen mukaisesti, kertoo tuloksista kehitys- ja ymp\u00e4rist\u00f6johtaja <strong>Mirva Hautala<\/strong>.<\/p>\n\n\n\n<h2 class=\"wp-block-heading\"><strong>Erillisker\u00e4ys kasvoi, ker\u00e4yksen p\u00e4\u00e4st\u00f6 pieneni<\/strong><\/h2>\n\n\n\n<p>\u2013&nbsp;Tulokset n\u00e4ytt\u00e4v\u00e4t lupaavilta. Laajennetulla erillisker\u00e4yksell\u00e4 on saatu ker\u00e4tty\u00e4 huomattava m\u00e4\u00e4r\u00e4 bioj\u00e4tett\u00e4 ja samalla j\u00e4tem\u00e4\u00e4r\u00e4\u00e4n suhteutettu ker\u00e4yksen p\u00e4\u00e4st\u00f6 on pienentynyt. T\u00e4m\u00e4 tarkoittaa sit\u00e4, ett\u00e4 bioj\u00e4tett\u00e4 saadaan kierr\u00e4tetty\u00e4 enemm\u00e4n lis\u00e4\u00e4m\u00e4tt\u00e4 merkitt\u00e4v\u00e4sti p\u00e4\u00e4st\u00f6j\u00e4, Hautala toteaa.<\/p>\n\n\n\n<p>J\u00e4telajikohtaiset kuljetusten CO2e-p\u00e4\u00e4st\u00f6t jyvitettyn\u00e4 ker\u00e4ttyihin tonneihin laskivat viime vuoteen verrattuna bioj\u00e4tteen (-5,4 kg CO2e tonnia) ja poltettavan j\u00e4tteen (-0,51 kg CO2e tonnia) osalta. Pakkausj\u00e4tteiden sek\u00e4 j\u00e4teasemien kuljetusten p\u00e4\u00e4st\u00f6iss\u00e4 oli hiukan kasvua ker\u00e4ttyihin saantoihin n\u00e4hden. Merkitt\u00e4vin p\u00e4\u00e4st\u00f6v\u00e4henem\u00e4 edelliseen vuoteen syntyi kaatopaikkakaasun tehostetulla talteenotolla (-504 tCO2e) sek\u00e4 poltettavan j\u00e4tteen erillisker\u00e4yksest\u00e4 (-73 tonnia CO2e)<\/p>\n\n\n\n<h2 class=\"wp-block-heading\"><strong>Erillisker\u00e4ysj\u00e4rjestelm\u00e4 pienent\u00e4\u00e4 j\u00e4tem\u00e4\u00e4r\u00e4\u00e4n suhteutettua hiilijalanj\u00e4lke\u00e4<\/strong><\/h2>\n\n\n\n<p>J\u00e4tehuollon hiilijalanj\u00e4ljen laskennassa huomioidaan j\u00e4teyhti\u00f6n oma toiminta, mihin kuuluvat esimerkiksi kasvihuonekaasup\u00e4\u00e4st\u00f6t vanhalta loppusijoitusalueelta ja muut omassa toiminnassa syntyv\u00e4t p\u00e4\u00e4st\u00f6t. Toiseksi lasketaan ostettu energia eli mill\u00e4 energial\u00e4hteell\u00e4 tuotettua s\u00e4hk\u00f6\u00e4 ja l\u00e4mp\u00f6\u00e4 ostetaan. Kolmanneksi lasketaan sellaiset toiminnot, mihin voidaan v\u00e4lillisesti vaikuttaa, kuten esimerkiksi j\u00e4tteen kuljettaminen.<\/p>\n\n\n\n<p>Hautalan mukaan tavoitteena on Etapin hiilijalanj\u00e4ljen pienent\u00e4minen edelleen. T\u00e4rke\u00e4n\u00e4 toimenpiteen\u00e4 t\u00e4ss\u00e4 on kaatopaikkakaasun ker\u00e4ys sek\u00e4 kuljetusten optimointi ja uusiutuvien polttoaineiden k\u00e4yt\u00f6n lis\u00e4\u00e4minen.<\/p>\n\n\n\n<p>\u2013&nbsp;Hiilidioksidiekvivalentti on kasvihuonekaasujen yhteismitta, jolla ilmaistaan eri kasvihuonekaasujen ilmastoa l\u00e4mmitt\u00e4v\u00e4 vaikutus verrattuna hiilidioksidin vaikutukseen.<\/p>\n<\/div>\n<\/div>\n","protected":false},"excerpt":{"rendered":"<p>Etapin toiminnan hiilijalanj\u00e4lki pieneni viime vuonna ollen yhteens\u00e4 4 684 tonnia CO2e eli hiilidioksidiekvivalenttia (5157 t CO2e vuonna 2023).\u00a0T\u00e4ss\u00e4 oli laskua edellisvuoteen -473 tonnia CO2e kokonaisuudessaan.<\/p>\n","protected":false},"author":10,"featured_media":376,"comment_status":"closed","ping_status":"closed","sticky":false,"template":"","format":"standard","meta":{"_acf_changed":false,"footnotes":""},"categories":[13],"tags":[],"class_list":["post-66","post","type-post","status-publish","format-standard","has-post-thumbnail","hentry","category-ymparisto"],"acf":[],"yoast_head":"<!-- This site is optimized with the Yoast SEO plugin v27.5 - https:\/\/yoast.com\/product\/yoast-seo-wordpress\/ -->\n<title>Etapin hiilijalanj\u00e4lki pieneni \u2013 bioj\u00e4te ker\u00e4t\u00e4\u00e4n pienemmill\u00e4 p\u00e4\u00e4st\u00f6ill\u00e4 - Etappi-aviisi 2\/2025<\/title>\n<meta name=\"robots\" content=\"index, follow, max-snippet:-1, max-image-preview:large, max-video-preview:-1\" \/>\n<link rel=\"canonical\" href=\"https:\/\/www.etappiaviisi.fi\/2-2025\/etapin-hiilijalanjalki-pieneni-biojate-kerataan-pienemmilla-paastoilla\/\" \/>\n<meta property=\"og:locale\" content=\"fi_FI\" \/>\n<meta property=\"og:type\" content=\"article\" \/>\n<meta property=\"og:title\" content=\"Etapin hiilijalanj\u00e4lki pieneni \u2013 bioj\u00e4te ker\u00e4t\u00e4\u00e4n pienemmill\u00e4 p\u00e4\u00e4st\u00f6ill\u00e4 - Etappi-aviisi 2\/2025\" \/>\n<meta property=\"og:description\" content=\"Etapin toiminnan hiilijalanj\u00e4lki pieneni viime vuonna ollen yhteens\u00e4 4 684 tonnia CO2e eli hiilidioksidiekvivalenttia (5157 t CO2e vuonna 2023).\u00a0T\u00e4ss\u00e4 oli laskua edellisvuoteen -473 tonnia CO2e kokonaisuudessaan.\" \/>\n<meta property=\"og:url\" content=\"https:\/\/www.etappiaviisi.fi\/2-2025\/etapin-hiilijalanjalki-pieneni-biojate-kerataan-pienemmilla-paastoilla\/\" \/>\n<meta property=\"og:site_name\" content=\"Etappi-aviisi 2\/2025\" \/>\n<meta property=\"article:published_time\" content=\"2025-09-08T06:03:00+00:00\" \/>\n<meta property=\"article:modified_time\" content=\"2025-09-29T10:01:47+00:00\" \/>\n<meta property=\"og:image\" content=\"https:\/\/www.etappiaviisi.fi\/2-2025\/wp-content\/uploads\/sites\/7\/2025\/09\/12.-Hiilijalanjalki_v2-1024x576.jpg\" \/>\n\t<meta property=\"og:image:width\" content=\"1024\" \/>\n\t<meta property=\"og:image:height\" content=\"576\" \/>\n\t<meta property=\"og:image:type\" content=\"image\/jpeg\" \/>\n<meta name=\"author\" content=\"jaanahautala\" \/>\n<meta name=\"twitter:card\" content=\"summary_large_image\" \/>\n<meta name=\"twitter:label1\" content=\"Kirjoittanut\" \/>\n\t<meta name=\"twitter:data1\" content=\"jaanahautala\" \/>\n\t<meta name=\"twitter:label2\" content=\"Arvioitu lukuaika\" \/>\n\t<meta name=\"twitter:data2\" content=\"2 minuuttia\" \/>\n<script type=\"application\/ld+json\" class=\"yoast-schema-graph\">{\"@context\":\"https:\\\/\\\/schema.org\",\"@graph\":[{\"@type\":\"Article\",\"@id\":\"https:\\\/\\\/www.etappiaviisi.fi\\\/2-2025\\\/etapin-hiilijalanjalki-pieneni-biojate-kerataan-pienemmilla-paastoilla\\\/#article\",\"isPartOf\":{\"@id\":\"https:\\\/\\\/www.etappiaviisi.fi\\\/2-2025\\\/etapin-hiilijalanjalki-pieneni-biojate-kerataan-pienemmilla-paastoilla\\\/\"},\"author\":{\"name\":\"jaanahautala\",\"@id\":\"https:\\\/\\\/www.etappiaviisi.fi\\\/2-2025\\\/#\\\/schema\\\/person\\\/d5e8ecc6c18403bdedb5ddbaa426d458\"},\"headline\":\"Etapin hiilijalanj\u00e4lki pieneni \u2013 bioj\u00e4te ker\u00e4t\u00e4\u00e4n pienemmill\u00e4 p\u00e4\u00e4st\u00f6ill\u00e4\",\"datePublished\":\"2025-09-08T06:03:00+00:00\",\"dateModified\":\"2025-09-29T10:01:47+00:00\",\"mainEntityOfPage\":{\"@id\":\"https:\\\/\\\/www.etappiaviisi.fi\\\/2-2025\\\/etapin-hiilijalanjalki-pieneni-biojate-kerataan-pienemmilla-paastoilla\\\/\"},\"wordCount\":384,\"image\":{\"@id\":\"https:\\\/\\\/www.etappiaviisi.fi\\\/2-2025\\\/etapin-hiilijalanjalki-pieneni-biojate-kerataan-pienemmilla-paastoilla\\\/#primaryimage\"},\"thumbnailUrl\":\"https:\\\/\\\/www.etappiaviisi.fi\\\/2-2025\\\/wp-content\\\/uploads\\\/sites\\\/7\\\/2025\\\/09\\\/12.-Hiilijalanjalki_v2.jpg\",\"articleSection\":[\"Ymp\u00e4rist\u00f6\"],\"inLanguage\":\"fi\"},{\"@type\":\"WebPage\",\"@id\":\"https:\\\/\\\/www.etappiaviisi.fi\\\/2-2025\\\/etapin-hiilijalanjalki-pieneni-biojate-kerataan-pienemmilla-paastoilla\\\/\",\"url\":\"https:\\\/\\\/www.etappiaviisi.fi\\\/2-2025\\\/etapin-hiilijalanjalki-pieneni-biojate-kerataan-pienemmilla-paastoilla\\\/\",\"name\":\"Etapin hiilijalanj\u00e4lki pieneni \u2013 bioj\u00e4te ker\u00e4t\u00e4\u00e4n pienemmill\u00e4 p\u00e4\u00e4st\u00f6ill\u00e4 - Etappi-aviisi 2\\\/2025\",\"isPartOf\":{\"@id\":\"https:\\\/\\\/www.etappiaviisi.fi\\\/2-2025\\\/#website\"},\"primaryImageOfPage\":{\"@id\":\"https:\\\/\\\/www.etappiaviisi.fi\\\/2-2025\\\/etapin-hiilijalanjalki-pieneni-biojate-kerataan-pienemmilla-paastoilla\\\/#primaryimage\"},\"image\":{\"@id\":\"https:\\\/\\\/www.etappiaviisi.fi\\\/2-2025\\\/etapin-hiilijalanjalki-pieneni-biojate-kerataan-pienemmilla-paastoilla\\\/#primaryimage\"},\"thumbnailUrl\":\"https:\\\/\\\/www.etappiaviisi.fi\\\/2-2025\\\/wp-content\\\/uploads\\\/sites\\\/7\\\/2025\\\/09\\\/12.-Hiilijalanjalki_v2.jpg\",\"datePublished\":\"2025-09-08T06:03:00+00:00\",\"dateModified\":\"2025-09-29T10:01:47+00:00\",\"author\":{\"@id\":\"https:\\\/\\\/www.etappiaviisi.fi\\\/2-2025\\\/#\\\/schema\\\/person\\\/d5e8ecc6c18403bdedb5ddbaa426d458\"},\"breadcrumb\":{\"@id\":\"https:\\\/\\\/www.etappiaviisi.fi\\\/2-2025\\\/etapin-hiilijalanjalki-pieneni-biojate-kerataan-pienemmilla-paastoilla\\\/#breadcrumb\"},\"inLanguage\":\"fi\",\"potentialAction\":[{\"@type\":\"ReadAction\",\"target\":[\"https:\\\/\\\/www.etappiaviisi.fi\\\/2-2025\\\/etapin-hiilijalanjalki-pieneni-biojate-kerataan-pienemmilla-paastoilla\\\/\"]}]},{\"@type\":\"ImageObject\",\"inLanguage\":\"fi\",\"@id\":\"https:\\\/\\\/www.etappiaviisi.fi\\\/2-2025\\\/etapin-hiilijalanjalki-pieneni-biojate-kerataan-pienemmilla-paastoilla\\\/#primaryimage\",\"url\":\"https:\\\/\\\/www.etappiaviisi.fi\\\/2-2025\\\/wp-content\\\/uploads\\\/sites\\\/7\\\/2025\\\/09\\\/12.-Hiilijalanjalki_v2.jpg\",\"contentUrl\":\"https:\\\/\\\/www.etappiaviisi.fi\\\/2-2025\\\/wp-content\\\/uploads\\\/sites\\\/7\\\/2025\\\/09\\\/12.-Hiilijalanjalki_v2.jpg\",\"width\":1920,\"height\":1080},{\"@type\":\"BreadcrumbList\",\"@id\":\"https:\\\/\\\/www.etappiaviisi.fi\\\/2-2025\\\/etapin-hiilijalanjalki-pieneni-biojate-kerataan-pienemmilla-paastoilla\\\/#breadcrumb\",\"itemListElement\":[{\"@type\":\"ListItem\",\"position\":1,\"name\":\"Etusivu\",\"item\":\"https:\\\/\\\/www.etappiaviisi.fi\\\/2-2025\\\/\"},{\"@type\":\"ListItem\",\"position\":2,\"name\":\"Etapin hiilijalanj\u00e4lki pieneni \u2013 bioj\u00e4te ker\u00e4t\u00e4\u00e4n pienemmill\u00e4 p\u00e4\u00e4st\u00f6ill\u00e4\"}]},{\"@type\":\"WebSite\",\"@id\":\"https:\\\/\\\/www.etappiaviisi.fi\\\/2-2025\\\/#website\",\"url\":\"https:\\\/\\\/www.etappiaviisi.fi\\\/2-2025\\\/\",\"name\":\"Etappi-aviisi 2\\\/2025\",\"description\":\"\",\"potentialAction\":[{\"@type\":\"SearchAction\",\"target\":{\"@type\":\"EntryPoint\",\"urlTemplate\":\"https:\\\/\\\/www.etappiaviisi.fi\\\/2-2025\\\/?s={search_term_string}\"},\"query-input\":{\"@type\":\"PropertyValueSpecification\",\"valueRequired\":true,\"valueName\":\"search_term_string\"}}],\"inLanguage\":\"fi\"},{\"@type\":\"Person\",\"@id\":\"https:\\\/\\\/www.etappiaviisi.fi\\\/2-2025\\\/#\\\/schema\\\/person\\\/d5e8ecc6c18403bdedb5ddbaa426d458\",\"name\":\"jaanahautala\",\"url\":\"https:\\\/\\\/www.etappiaviisi.fi\\\/2-2025\\\/author\\\/jaanahautala\\\/\"}]}<\/script>\n<!-- \/ Yoast SEO plugin. -->","yoast_head_json":{"title":"Etapin hiilijalanj\u00e4lki pieneni \u2013 bioj\u00e4te ker\u00e4t\u00e4\u00e4n pienemmill\u00e4 p\u00e4\u00e4st\u00f6ill\u00e4 - Etappi-aviisi 2\/2025","robots":{"index":"index","follow":"follow","max-snippet":"max-snippet:-1","max-image-preview":"max-image-preview:large","max-video-preview":"max-video-preview:-1"},"canonical":"https:\/\/www.etappiaviisi.fi\/2-2025\/etapin-hiilijalanjalki-pieneni-biojate-kerataan-pienemmilla-paastoilla\/","og_locale":"fi_FI","og_type":"article","og_title":"Etapin hiilijalanj\u00e4lki pieneni \u2013 bioj\u00e4te ker\u00e4t\u00e4\u00e4n pienemmill\u00e4 p\u00e4\u00e4st\u00f6ill\u00e4 - Etappi-aviisi 2\/2025","og_description":"Etapin toiminnan hiilijalanj\u00e4lki pieneni viime vuonna ollen yhteens\u00e4 4 684 tonnia CO2e eli hiilidioksidiekvivalenttia (5157 t CO2e vuonna 2023).\u00a0T\u00e4ss\u00e4 oli laskua edellisvuoteen -473 tonnia CO2e kokonaisuudessaan.","og_url":"https:\/\/www.etappiaviisi.fi\/2-2025\/etapin-hiilijalanjalki-pieneni-biojate-kerataan-pienemmilla-paastoilla\/","og_site_name":"Etappi-aviisi 2\/2025","article_published_time":"2025-09-08T06:03:00+00:00","article_modified_time":"2025-09-29T10:01:47+00:00","og_image":[{"width":1024,"height":576,"url":"https:\/\/www.etappiaviisi.fi\/2-2025\/wp-content\/uploads\/sites\/7\/2025\/09\/12.-Hiilijalanjalki_v2-1024x576.jpg","type":"image\/jpeg"}],"author":"jaanahautala","twitter_card":"summary_large_image","twitter_misc":{"Kirjoittanut":"jaanahautala","Arvioitu lukuaika":"2 minuuttia"},"schema":{"@context":"https:\/\/schema.org","@graph":[{"@type":"Article","@id":"https:\/\/www.etappiaviisi.fi\/2-2025\/etapin-hiilijalanjalki-pieneni-biojate-kerataan-pienemmilla-paastoilla\/#article","isPartOf":{"@id":"https:\/\/www.etappiaviisi.fi\/2-2025\/etapin-hiilijalanjalki-pieneni-biojate-kerataan-pienemmilla-paastoilla\/"},"author":{"name":"jaanahautala","@id":"https:\/\/www.etappiaviisi.fi\/2-2025\/#\/schema\/person\/d5e8ecc6c18403bdedb5ddbaa426d458"},"headline":"Etapin hiilijalanj\u00e4lki pieneni \u2013 bioj\u00e4te ker\u00e4t\u00e4\u00e4n pienemmill\u00e4 p\u00e4\u00e4st\u00f6ill\u00e4","datePublished":"2025-09-08T06:03:00+00:00","dateModified":"2025-09-29T10:01:47+00:00","mainEntityOfPage":{"@id":"https:\/\/www.etappiaviisi.fi\/2-2025\/etapin-hiilijalanjalki-pieneni-biojate-kerataan-pienemmilla-paastoilla\/"},"wordCount":384,"image":{"@id":"https:\/\/www.etappiaviisi.fi\/2-2025\/etapin-hiilijalanjalki-pieneni-biojate-kerataan-pienemmilla-paastoilla\/#primaryimage"},"thumbnailUrl":"https:\/\/www.etappiaviisi.fi\/2-2025\/wp-content\/uploads\/sites\/7\/2025\/09\/12.-Hiilijalanjalki_v2.jpg","articleSection":["Ymp\u00e4rist\u00f6"],"inLanguage":"fi"},{"@type":"WebPage","@id":"https:\/\/www.etappiaviisi.fi\/2-2025\/etapin-hiilijalanjalki-pieneni-biojate-kerataan-pienemmilla-paastoilla\/","url":"https:\/\/www.etappiaviisi.fi\/2-2025\/etapin-hiilijalanjalki-pieneni-biojate-kerataan-pienemmilla-paastoilla\/","name":"Etapin hiilijalanj\u00e4lki pieneni \u2013 bioj\u00e4te ker\u00e4t\u00e4\u00e4n pienemmill\u00e4 p\u00e4\u00e4st\u00f6ill\u00e4 - Etappi-aviisi 2\/2025","isPartOf":{"@id":"https:\/\/www.etappiaviisi.fi\/2-2025\/#website"},"primaryImageOfPage":{"@id":"https:\/\/www.etappiaviisi.fi\/2-2025\/etapin-hiilijalanjalki-pieneni-biojate-kerataan-pienemmilla-paastoilla\/#primaryimage"},"image":{"@id":"https:\/\/www.etappiaviisi.fi\/2-2025\/etapin-hiilijalanjalki-pieneni-biojate-kerataan-pienemmilla-paastoilla\/#primaryimage"},"thumbnailUrl":"https:\/\/www.etappiaviisi.fi\/2-2025\/wp-content\/uploads\/sites\/7\/2025\/09\/12.-Hiilijalanjalki_v2.jpg","datePublished":"2025-09-08T06:03:00+00:00","dateModified":"2025-09-29T10:01:47+00:00","author":{"@id":"https:\/\/www.etappiaviisi.fi\/2-2025\/#\/schema\/person\/d5e8ecc6c18403bdedb5ddbaa426d458"},"breadcrumb":{"@id":"https:\/\/www.etappiaviisi.fi\/2-2025\/etapin-hiilijalanjalki-pieneni-biojate-kerataan-pienemmilla-paastoilla\/#breadcrumb"},"inLanguage":"fi","potentialAction":[{"@type":"ReadAction","target":["https:\/\/www.etappiaviisi.fi\/2-2025\/etapin-hiilijalanjalki-pieneni-biojate-kerataan-pienemmilla-paastoilla\/"]}]},{"@type":"ImageObject","inLanguage":"fi","@id":"https:\/\/www.etappiaviisi.fi\/2-2025\/etapin-hiilijalanjalki-pieneni-biojate-kerataan-pienemmilla-paastoilla\/#primaryimage","url":"https:\/\/www.etappiaviisi.fi\/2-2025\/wp-content\/uploads\/sites\/7\/2025\/09\/12.-Hiilijalanjalki_v2.jpg","contentUrl":"https:\/\/www.etappiaviisi.fi\/2-2025\/wp-content\/uploads\/sites\/7\/2025\/09\/12.-Hiilijalanjalki_v2.jpg","width":1920,"height":1080},{"@type":"BreadcrumbList","@id":"https:\/\/www.etappiaviisi.fi\/2-2025\/etapin-hiilijalanjalki-pieneni-biojate-kerataan-pienemmilla-paastoilla\/#breadcrumb","itemListElement":[{"@type":"ListItem","position":1,"name":"Etusivu","item":"https:\/\/www.etappiaviisi.fi\/2-2025\/"},{"@type":"ListItem","position":2,"name":"Etapin hiilijalanj\u00e4lki pieneni \u2013 bioj\u00e4te ker\u00e4t\u00e4\u00e4n pienemmill\u00e4 p\u00e4\u00e4st\u00f6ill\u00e4"}]},{"@type":"WebSite","@id":"https:\/\/www.etappiaviisi.fi\/2-2025\/#website","url":"https:\/\/www.etappiaviisi.fi\/2-2025\/","name":"Etappi-aviisi 2\/2025","description":"","potentialAction":[{"@type":"SearchAction","target":{"@type":"EntryPoint","urlTemplate":"https:\/\/www.etappiaviisi.fi\/2-2025\/?s={search_term_string}"},"query-input":{"@type":"PropertyValueSpecification","valueRequired":true,"valueName":"search_term_string"}}],"inLanguage":"fi"},{"@type":"Person","@id":"https:\/\/www.etappiaviisi.fi\/2-2025\/#\/schema\/person\/d5e8ecc6c18403bdedb5ddbaa426d458","name":"jaanahautala","url":"https:\/\/www.etappiaviisi.fi\/2-2025\/author\/jaanahautala\/"}]}},"_links":{"self":[{"href":"https:\/\/www.etappiaviisi.fi\/2-2025\/wp-json\/wp\/v2\/posts\/66","targetHints":{"allow":["GET"]}}],"collection":[{"href":"https:\/\/www.etappiaviisi.fi\/2-2025\/wp-json\/wp\/v2\/posts"}],"about":[{"href":"https:\/\/www.etappiaviisi.fi\/2-2025\/wp-json\/wp\/v2\/types\/post"}],"author":[{"embeddable":true,"href":"https:\/\/www.etappiaviisi.fi\/2-2025\/wp-json\/wp\/v2\/users\/10"}],"replies":[{"embeddable":true,"href":"https:\/\/www.etappiaviisi.fi\/2-2025\/wp-json\/wp\/v2\/comments?post=66"}],"version-history":[{"count":8,"href":"https:\/\/www.etappiaviisi.fi\/2-2025\/wp-json\/wp\/v2\/posts\/66\/revisions"}],"predecessor-version":[{"id":991,"href":"https:\/\/www.etappiaviisi.fi\/2-2025\/wp-json\/wp\/v2\/posts\/66\/revisions\/991"}],"wp:featuredmedia":[{"embeddable":true,"href":"https:\/\/www.etappiaviisi.fi\/2-2025\/wp-json\/wp\/v2\/media\/376"}],"wp:attachment":[{"href":"https:\/\/www.etappiaviisi.fi\/2-2025\/wp-json\/wp\/v2\/media?parent=66"}],"wp:term":[{"taxonomy":"category","embeddable":true,"href":"https:\/\/www.etappiaviisi.fi\/2-2025\/wp-json\/wp\/v2\/categories?post=66"},{"taxonomy":"post_tag","embeddable":true,"href":"https:\/\/www.etappiaviisi.fi\/2-2025\/wp-json\/wp\/v2\/tags?post=66"}],"curies":[{"name":"wp","href":"https:\/\/api.w.org\/{rel}","templated":true}]}}