{"id":59,"date":"2025-09-08T08:57:00","date_gmt":"2025-09-08T05:57:00","guid":{"rendered":"https:\/\/www.etappiaviisi.fi\/2-2025\/?p=59"},"modified":"2025-09-29T13:19:06","modified_gmt":"2025-09-29T10:19:06","slug":"asukkaiden-biojatteen-lajitteluinto-jopa-yllatti-etapin","status":"publish","type":"post","link":"https:\/\/www.etappiaviisi.fi\/2-2025\/asukkaiden-biojatteen-lajitteluinto-jopa-yllatti-etapin\/","title":{"rendered":"Asukkaiden bioj\u00e4tteen lajitteluinto jopa yll\u00e4tti Etapin"},"content":{"rendered":"\n<p>Illat pimenev\u00e4t ja syksyn toimet ovat k\u00e4ynniss\u00e4. Sadonkorjuun ja puutarhan hoidon syysty\u00f6t alkavat olla takana ja talvivarastot pullollaan. Asioinnit Etapin RE-pisteill\u00e4 on t\u00e4n\u00e4 kes\u00e4n\u00e4 saavuttaneet taas suuremman joukon asiakkaitamme, kun Kurikan RE-piste avattiin kes\u00e4kuun alussa. Asiakkaat ovat hienosti l\u00f6yt\u00e4neet RE-pisteet. Asiointik\u00e4ynneiss\u00e4 on ollut suurta kasvua ja omatoiminen asiointi on jo l\u00e4hes 85 prosentin tasoa.<\/p>\n\n\n\n<div class=\"wp-block-columns is-layout-flex wp-container-core-columns-is-layout-9d6595d7 wp-block-columns-is-layout-flex\">\n<div class=\"wp-block-column is-layout-flow wp-block-column-is-layout-flow\">\n<figure class=\"wp-block-image size-large\"><img loading=\"lazy\" decoding=\"async\" width=\"768\" height=\"1024\" src=\"https:\/\/www.etappiaviisi.fi\/2-2025\/wp-content\/uploads\/sites\/7\/2025\/09\/9.-Paakirjoitus-768x1024.jpg\" alt=\"\" class=\"wp-image-259\" srcset=\"https:\/\/www.etappiaviisi.fi\/2-2025\/wp-content\/uploads\/sites\/7\/2025\/09\/9.-Paakirjoitus-768x1024.jpg 768w, https:\/\/www.etappiaviisi.fi\/2-2025\/wp-content\/uploads\/sites\/7\/2025\/09\/9.-Paakirjoitus-225x300.jpg 225w, https:\/\/www.etappiaviisi.fi\/2-2025\/wp-content\/uploads\/sites\/7\/2025\/09\/9.-Paakirjoitus.jpg 1080w\" sizes=\"(max-width: 768px) 100vw, 768px\" \/><\/figure>\n<\/div>\n\n\n\n<div class=\"wp-block-column is-layout-flow wp-block-column-is-layout-flow\">\n<p>My\u00f6s Sein\u00e4joen RE-pisteen 92 prosentin ja Lapuan 89 prosentin itsepalveluasioinnit kertovat onnistuneesta konseptista, jonka asiakkaat ovat ottaneet omakseen opetellen uudet toimintatavat. RE. -konseptin seuraavat toimet suunnitellaan vuoden 2026 aikana ja jatkoinvestointeihin valmistaudutaan talven aikana.<\/p>\n\n\n\n<p>Kiinteist\u00f6ker\u00e4yksen SPOT- palvelu on saavuttanut aikataulun mukaisesti jo laajasti alueemme kiinteist\u00f6t. Seuraavat kiinteist\u00f6t tulevat mukaan vuoden 2026 alusta ja viimeiset huhtikuun alussa. <\/p>\n<\/div>\n<\/div>\n\n\n\n<div class=\"wp-block-columns is-layout-flex wp-container-core-columns-is-layout-9d6595d7 wp-block-columns-is-layout-flex\">\n<div class=\"wp-block-column is-layout-flow wp-block-column-is-layout-flow\">\n<p>T\u00e4lle kes\u00e4lle teimme ker\u00e4tyist\u00e4 j\u00e4tteist\u00e4 tarkan analyysin, jota olemme toteuttaneet joka toinen vuosi.&nbsp; Bioj\u00e4tteen lajitteluvelvoite on omaksuttu alueellamme hienosti. Asiakkaamme ovat ottaneet erillisker\u00e4yksen tai kotikompostoinnin k\u00e4ytt\u00f6\u00f6n tehokkaasti.<\/p>\n\n\n\n<blockquote class=\"wp-block-quote is-layout-flow wp-block-quote-is-layout-flow\">\n<p>&#8221;Asiakkaiden tahtotila muuttaa el\u00e4m\u00e4ntapojaan kest\u00e4v\u00e4mm\u00e4n kehityksen suuntaan on nopeudellaan yll\u00e4tt\u00e4nyt Etapin&#8221;<\/p>\n<\/blockquote>\n\n\n\n<p>Erillisker\u00e4tyn bioj\u00e4tteen m\u00e4\u00e4r\u00e4n kasvu oli liki 3&nbsp;000 tonnia, ja tutkimuksessa pelk\u00e4n bioj\u00e4tteen osuuden putoaminen 24 prosentista 9 prosenttiin on todella hieno tulos. On hienoa todeta, miten uudet tarjotut mahdollisuudet toimia arjen kiertotaloudessa kest\u00e4v\u00e4mm\u00e4n tulevaisuuden eteen on otettu vastaan koko toimialueella. Asiakkaiden tahtotila muuttaa el\u00e4m\u00e4ntapojaan kest\u00e4v\u00e4mm\u00e4n kehityksen suuntaan on nopeudellaan yll\u00e4tt\u00e4nyt Etapin.<\/p>\n\n\n\n<p>Omien tavaroiden ja koneiden huoltaminen, kunnostus ja korjaaminen edist\u00e4v\u00e4t j\u00e4tteen v\u00e4hent\u00e4mist\u00e4 ja resurssiviisautta. Korjaa.se -palvelun kautta l\u00f6ytyy alueen korjausyritt\u00e4j\u00e4t ja osaajia avuksi tuotteiden elinkaaren jatkamiseen tai muuttamiseen. Alueen ammattilaisten palveluita k\u00e4ytt\u00e4m\u00e4ll\u00e4 my\u00f6s varmistaa palveluiden s\u00e4ilymist\u00e4.<\/p>\n\n\n\n<p>Jatkuva kommunikointi toimijoiden ja asiakkaiden v\u00e4lill\u00e4 takaa hyv\u00e4n yhteisty\u00f6n, osaamisen kehittymisen ja oikean toiminnan. Etapissa neuvonta, tiedottaminen ja viestint\u00e4 on laaja-alaista. Pyrimme tavoittamaan asiakkaamme kaikissa asiakasryhmiss\u00e4 ja ik\u00e4luokissa. Uusimpana tapana laajaan pakettiimme on tullut oppimisalusta yl\u00e4kouluik\u00e4isille BOOM! -peli, jolla lis\u00e4t\u00e4\u00e4n tiet\u00e4myst\u00e4 kodin arkisista tapahtumista ja lajittelusta vaarallisten j\u00e4tteiden riskin tunnistusta unohtamatta. Etapin laajaan aineistoon voi tutustua meid\u00e4n nettisivuillamme.<\/p>\n\n\n\n<p>Uskon yhteisty\u00f6mme arjen kiertotalouden puitteissa jatkuvan hyv\u00e4n\u00e4 ja kehittyv\u00e4n\u00e4 tulevaisuudessakin.<\/p>\n\n\n\n<blockquote class=\"wp-block-quote is-layout-flow wp-block-quote-is-layout-flow\">\n<p>&#8221;Arjen kiertotalous on iso m\u00e4\u00e4r\u00e4 valintoja ja paljon pieni\u00e4 tekoja&#8221;<\/p>\n<\/blockquote>\n\n\n\n<p>Etappilaiset haluavat kiitt\u00e4\u00e4 alueemme asukkaita niist\u00e4 tuloksista, joita uusien j\u00e4rjestelmien k\u00e4ytt\u00f6\u00f6notossa on saavutettu. Se oppimisk\u00e4yr\u00e4n nopeus, mik\u00e4 on saavutettu, osoittaa hienoa yhteisty\u00f6t\u00e4 koko asiakaskunnaltamme. Kuitenkin aina voidaan tehd\u00e4 asiat mestarivalmentaja Kurre Lindsr\u00f6mi\u00e4 lainaten \u201dLite b\u00e4ttre\u201d.<\/p>\n\n\n\n<p>Mukavaa syksyn ja talven aikaa kaikille toimialueemme asukkaille!<\/p>\n\n\n\n<p><em>Pekka Kontio<br>Lakeuden Etapin toimitusjohtaja<\/em><\/p>\n<\/div>\n<\/div>\n","protected":false},"excerpt":{"rendered":"<p>Illat pimenev\u00e4t ja syksyn toimet ovat k\u00e4ynniss\u00e4. Sadonkorjuun ja puutarhan hoidon syysty\u00f6t alkavat olla takana ja talvivarastot pullollaan. Asioinnit Etapin RE-pisteill\u00e4 on t\u00e4n\u00e4 kes\u00e4n\u00e4 saavuttaneet&hellip;<\/p>\n","protected":false},"author":10,"featured_media":307,"comment_status":"closed","ping_status":"closed","sticky":false,"template":"","format":"standard","meta":{"_acf_changed":false,"footnotes":""},"categories":[4],"tags":[],"class_list":["post-59","post","type-post","status-publish","format-standard","has-post-thumbnail","hentry","category-paakirjoitus"],"acf":[],"yoast_head":"<!-- This site is optimized with the Yoast SEO plugin v27.5 - https:\/\/yoast.com\/product\/yoast-seo-wordpress\/ -->\n<title>Asukkaiden bioj\u00e4tteen lajitteluinto jopa yll\u00e4tti Etapin - Etappi-aviisi 2\/2025<\/title>\n<meta name=\"robots\" content=\"index, follow, max-snippet:-1, max-image-preview:large, max-video-preview:-1\" \/>\n<link rel=\"canonical\" href=\"https:\/\/www.etappiaviisi.fi\/2-2025\/asukkaiden-biojatteen-lajitteluinto-jopa-yllatti-etapin\/\" \/>\n<meta property=\"og:locale\" content=\"fi_FI\" \/>\n<meta property=\"og:type\" content=\"article\" \/>\n<meta property=\"og:title\" content=\"Asukkaiden bioj\u00e4tteen lajitteluinto jopa yll\u00e4tti Etapin - Etappi-aviisi 2\/2025\" \/>\n<meta property=\"og:description\" content=\"Illat pimenev\u00e4t ja syksyn toimet ovat k\u00e4ynniss\u00e4. Sadonkorjuun ja puutarhan hoidon syysty\u00f6t alkavat olla takana ja talvivarastot pullollaan. Asioinnit Etapin RE-pisteill\u00e4 on t\u00e4n\u00e4 kes\u00e4n\u00e4 saavuttaneet&hellip;\" \/>\n<meta property=\"og:url\" content=\"https:\/\/www.etappiaviisi.fi\/2-2025\/asukkaiden-biojatteen-lajitteluinto-jopa-yllatti-etapin\/\" \/>\n<meta property=\"og:site_name\" content=\"Etappi-aviisi 2\/2025\" \/>\n<meta property=\"article:published_time\" content=\"2025-09-08T05:57:00+00:00\" \/>\n<meta property=\"article:modified_time\" content=\"2025-09-29T10:19:06+00:00\" \/>\n<meta property=\"og:image\" content=\"https:\/\/www.etappiaviisi.fi\/2-2025\/wp-content\/uploads\/sites\/7\/2025\/09\/9.-Paakirjoitus_palloon-1024x576.jpg\" \/>\n\t<meta property=\"og:image:width\" content=\"1024\" \/>\n\t<meta property=\"og:image:height\" content=\"576\" \/>\n\t<meta property=\"og:image:type\" content=\"image\/jpeg\" \/>\n<meta name=\"author\" content=\"jaanahautala\" \/>\n<meta name=\"twitter:card\" content=\"summary_large_image\" \/>\n<meta name=\"twitter:label1\" content=\"Kirjoittanut\" \/>\n\t<meta name=\"twitter:data1\" content=\"jaanahautala\" \/>\n\t<meta name=\"twitter:label2\" content=\"Arvioitu lukuaika\" \/>\n\t<meta name=\"twitter:data2\" content=\"3 minuuttia\" \/>\n<script type=\"application\/ld+json\" class=\"yoast-schema-graph\">{\"@context\":\"https:\\\/\\\/schema.org\",\"@graph\":[{\"@type\":\"Article\",\"@id\":\"https:\\\/\\\/www.etappiaviisi.fi\\\/2-2025\\\/asukkaiden-biojatteen-lajitteluinto-jopa-yllatti-etapin\\\/#article\",\"isPartOf\":{\"@id\":\"https:\\\/\\\/www.etappiaviisi.fi\\\/2-2025\\\/asukkaiden-biojatteen-lajitteluinto-jopa-yllatti-etapin\\\/\"},\"author\":{\"name\":\"jaanahautala\",\"@id\":\"https:\\\/\\\/www.etappiaviisi.fi\\\/2-2025\\\/#\\\/schema\\\/person\\\/d5e8ecc6c18403bdedb5ddbaa426d458\"},\"headline\":\"Asukkaiden bioj\u00e4tteen lajitteluinto jopa yll\u00e4tti Etapin\",\"datePublished\":\"2025-09-08T05:57:00+00:00\",\"dateModified\":\"2025-09-29T10:19:06+00:00\",\"mainEntityOfPage\":{\"@id\":\"https:\\\/\\\/www.etappiaviisi.fi\\\/2-2025\\\/asukkaiden-biojatteen-lajitteluinto-jopa-yllatti-etapin\\\/\"},\"wordCount\":445,\"image\":{\"@id\":\"https:\\\/\\\/www.etappiaviisi.fi\\\/2-2025\\\/asukkaiden-biojatteen-lajitteluinto-jopa-yllatti-etapin\\\/#primaryimage\"},\"thumbnailUrl\":\"https:\\\/\\\/www.etappiaviisi.fi\\\/2-2025\\\/wp-content\\\/uploads\\\/sites\\\/7\\\/2025\\\/09\\\/9.-Paakirjoitus_palloon.jpg\",\"articleSection\":[\"p\u00e4\u00e4kirjoitus\"],\"inLanguage\":\"fi\"},{\"@type\":\"WebPage\",\"@id\":\"https:\\\/\\\/www.etappiaviisi.fi\\\/2-2025\\\/asukkaiden-biojatteen-lajitteluinto-jopa-yllatti-etapin\\\/\",\"url\":\"https:\\\/\\\/www.etappiaviisi.fi\\\/2-2025\\\/asukkaiden-biojatteen-lajitteluinto-jopa-yllatti-etapin\\\/\",\"name\":\"Asukkaiden bioj\u00e4tteen lajitteluinto jopa yll\u00e4tti Etapin - Etappi-aviisi 2\\\/2025\",\"isPartOf\":{\"@id\":\"https:\\\/\\\/www.etappiaviisi.fi\\\/2-2025\\\/#website\"},\"primaryImageOfPage\":{\"@id\":\"https:\\\/\\\/www.etappiaviisi.fi\\\/2-2025\\\/asukkaiden-biojatteen-lajitteluinto-jopa-yllatti-etapin\\\/#primaryimage\"},\"image\":{\"@id\":\"https:\\\/\\\/www.etappiaviisi.fi\\\/2-2025\\\/asukkaiden-biojatteen-lajitteluinto-jopa-yllatti-etapin\\\/#primaryimage\"},\"thumbnailUrl\":\"https:\\\/\\\/www.etappiaviisi.fi\\\/2-2025\\\/wp-content\\\/uploads\\\/sites\\\/7\\\/2025\\\/09\\\/9.-Paakirjoitus_palloon.jpg\",\"datePublished\":\"2025-09-08T05:57:00+00:00\",\"dateModified\":\"2025-09-29T10:19:06+00:00\",\"author\":{\"@id\":\"https:\\\/\\\/www.etappiaviisi.fi\\\/2-2025\\\/#\\\/schema\\\/person\\\/d5e8ecc6c18403bdedb5ddbaa426d458\"},\"breadcrumb\":{\"@id\":\"https:\\\/\\\/www.etappiaviisi.fi\\\/2-2025\\\/asukkaiden-biojatteen-lajitteluinto-jopa-yllatti-etapin\\\/#breadcrumb\"},\"inLanguage\":\"fi\",\"potentialAction\":[{\"@type\":\"ReadAction\",\"target\":[\"https:\\\/\\\/www.etappiaviisi.fi\\\/2-2025\\\/asukkaiden-biojatteen-lajitteluinto-jopa-yllatti-etapin\\\/\"]}]},{\"@type\":\"ImageObject\",\"inLanguage\":\"fi\",\"@id\":\"https:\\\/\\\/www.etappiaviisi.fi\\\/2-2025\\\/asukkaiden-biojatteen-lajitteluinto-jopa-yllatti-etapin\\\/#primaryimage\",\"url\":\"https:\\\/\\\/www.etappiaviisi.fi\\\/2-2025\\\/wp-content\\\/uploads\\\/sites\\\/7\\\/2025\\\/09\\\/9.-Paakirjoitus_palloon.jpg\",\"contentUrl\":\"https:\\\/\\\/www.etappiaviisi.fi\\\/2-2025\\\/wp-content\\\/uploads\\\/sites\\\/7\\\/2025\\\/09\\\/9.-Paakirjoitus_palloon.jpg\",\"width\":1536,\"height\":864},{\"@type\":\"BreadcrumbList\",\"@id\":\"https:\\\/\\\/www.etappiaviisi.fi\\\/2-2025\\\/asukkaiden-biojatteen-lajitteluinto-jopa-yllatti-etapin\\\/#breadcrumb\",\"itemListElement\":[{\"@type\":\"ListItem\",\"position\":1,\"name\":\"Etusivu\",\"item\":\"https:\\\/\\\/www.etappiaviisi.fi\\\/2-2025\\\/\"},{\"@type\":\"ListItem\",\"position\":2,\"name\":\"Asukkaiden bioj\u00e4tteen lajitteluinto jopa yll\u00e4tti Etapin\"}]},{\"@type\":\"WebSite\",\"@id\":\"https:\\\/\\\/www.etappiaviisi.fi\\\/2-2025\\\/#website\",\"url\":\"https:\\\/\\\/www.etappiaviisi.fi\\\/2-2025\\\/\",\"name\":\"Etappi-aviisi 2\\\/2025\",\"description\":\"\",\"potentialAction\":[{\"@type\":\"SearchAction\",\"target\":{\"@type\":\"EntryPoint\",\"urlTemplate\":\"https:\\\/\\\/www.etappiaviisi.fi\\\/2-2025\\\/?s={search_term_string}\"},\"query-input\":{\"@type\":\"PropertyValueSpecification\",\"valueRequired\":true,\"valueName\":\"search_term_string\"}}],\"inLanguage\":\"fi\"},{\"@type\":\"Person\",\"@id\":\"https:\\\/\\\/www.etappiaviisi.fi\\\/2-2025\\\/#\\\/schema\\\/person\\\/d5e8ecc6c18403bdedb5ddbaa426d458\",\"name\":\"jaanahautala\",\"url\":\"https:\\\/\\\/www.etappiaviisi.fi\\\/2-2025\\\/author\\\/jaanahautala\\\/\"}]}<\/script>\n<!-- \/ Yoast SEO plugin. -->","yoast_head_json":{"title":"Asukkaiden bioj\u00e4tteen lajitteluinto jopa yll\u00e4tti Etapin - Etappi-aviisi 2\/2025","robots":{"index":"index","follow":"follow","max-snippet":"max-snippet:-1","max-image-preview":"max-image-preview:large","max-video-preview":"max-video-preview:-1"},"canonical":"https:\/\/www.etappiaviisi.fi\/2-2025\/asukkaiden-biojatteen-lajitteluinto-jopa-yllatti-etapin\/","og_locale":"fi_FI","og_type":"article","og_title":"Asukkaiden bioj\u00e4tteen lajitteluinto jopa yll\u00e4tti Etapin - Etappi-aviisi 2\/2025","og_description":"Illat pimenev\u00e4t ja syksyn toimet ovat k\u00e4ynniss\u00e4. Sadonkorjuun ja puutarhan hoidon syysty\u00f6t alkavat olla takana ja talvivarastot pullollaan. Asioinnit Etapin RE-pisteill\u00e4 on t\u00e4n\u00e4 kes\u00e4n\u00e4 saavuttaneet&hellip;","og_url":"https:\/\/www.etappiaviisi.fi\/2-2025\/asukkaiden-biojatteen-lajitteluinto-jopa-yllatti-etapin\/","og_site_name":"Etappi-aviisi 2\/2025","article_published_time":"2025-09-08T05:57:00+00:00","article_modified_time":"2025-09-29T10:19:06+00:00","og_image":[{"width":1024,"height":576,"url":"https:\/\/www.etappiaviisi.fi\/2-2025\/wp-content\/uploads\/sites\/7\/2025\/09\/9.-Paakirjoitus_palloon-1024x576.jpg","type":"image\/jpeg"}],"author":"jaanahautala","twitter_card":"summary_large_image","twitter_misc":{"Kirjoittanut":"jaanahautala","Arvioitu lukuaika":"3 minuuttia"},"schema":{"@context":"https:\/\/schema.org","@graph":[{"@type":"Article","@id":"https:\/\/www.etappiaviisi.fi\/2-2025\/asukkaiden-biojatteen-lajitteluinto-jopa-yllatti-etapin\/#article","isPartOf":{"@id":"https:\/\/www.etappiaviisi.fi\/2-2025\/asukkaiden-biojatteen-lajitteluinto-jopa-yllatti-etapin\/"},"author":{"name":"jaanahautala","@id":"https:\/\/www.etappiaviisi.fi\/2-2025\/#\/schema\/person\/d5e8ecc6c18403bdedb5ddbaa426d458"},"headline":"Asukkaiden bioj\u00e4tteen lajitteluinto jopa yll\u00e4tti Etapin","datePublished":"2025-09-08T05:57:00+00:00","dateModified":"2025-09-29T10:19:06+00:00","mainEntityOfPage":{"@id":"https:\/\/www.etappiaviisi.fi\/2-2025\/asukkaiden-biojatteen-lajitteluinto-jopa-yllatti-etapin\/"},"wordCount":445,"image":{"@id":"https:\/\/www.etappiaviisi.fi\/2-2025\/asukkaiden-biojatteen-lajitteluinto-jopa-yllatti-etapin\/#primaryimage"},"thumbnailUrl":"https:\/\/www.etappiaviisi.fi\/2-2025\/wp-content\/uploads\/sites\/7\/2025\/09\/9.-Paakirjoitus_palloon.jpg","articleSection":["p\u00e4\u00e4kirjoitus"],"inLanguage":"fi"},{"@type":"WebPage","@id":"https:\/\/www.etappiaviisi.fi\/2-2025\/asukkaiden-biojatteen-lajitteluinto-jopa-yllatti-etapin\/","url":"https:\/\/www.etappiaviisi.fi\/2-2025\/asukkaiden-biojatteen-lajitteluinto-jopa-yllatti-etapin\/","name":"Asukkaiden bioj\u00e4tteen lajitteluinto jopa yll\u00e4tti Etapin - Etappi-aviisi 2\/2025","isPartOf":{"@id":"https:\/\/www.etappiaviisi.fi\/2-2025\/#website"},"primaryImageOfPage":{"@id":"https:\/\/www.etappiaviisi.fi\/2-2025\/asukkaiden-biojatteen-lajitteluinto-jopa-yllatti-etapin\/#primaryimage"},"image":{"@id":"https:\/\/www.etappiaviisi.fi\/2-2025\/asukkaiden-biojatteen-lajitteluinto-jopa-yllatti-etapin\/#primaryimage"},"thumbnailUrl":"https:\/\/www.etappiaviisi.fi\/2-2025\/wp-content\/uploads\/sites\/7\/2025\/09\/9.-Paakirjoitus_palloon.jpg","datePublished":"2025-09-08T05:57:00+00:00","dateModified":"2025-09-29T10:19:06+00:00","author":{"@id":"https:\/\/www.etappiaviisi.fi\/2-2025\/#\/schema\/person\/d5e8ecc6c18403bdedb5ddbaa426d458"},"breadcrumb":{"@id":"https:\/\/www.etappiaviisi.fi\/2-2025\/asukkaiden-biojatteen-lajitteluinto-jopa-yllatti-etapin\/#breadcrumb"},"inLanguage":"fi","potentialAction":[{"@type":"ReadAction","target":["https:\/\/www.etappiaviisi.fi\/2-2025\/asukkaiden-biojatteen-lajitteluinto-jopa-yllatti-etapin\/"]}]},{"@type":"ImageObject","inLanguage":"fi","@id":"https:\/\/www.etappiaviisi.fi\/2-2025\/asukkaiden-biojatteen-lajitteluinto-jopa-yllatti-etapin\/#primaryimage","url":"https:\/\/www.etappiaviisi.fi\/2-2025\/wp-content\/uploads\/sites\/7\/2025\/09\/9.-Paakirjoitus_palloon.jpg","contentUrl":"https:\/\/www.etappiaviisi.fi\/2-2025\/wp-content\/uploads\/sites\/7\/2025\/09\/9.-Paakirjoitus_palloon.jpg","width":1536,"height":864},{"@type":"BreadcrumbList","@id":"https:\/\/www.etappiaviisi.fi\/2-2025\/asukkaiden-biojatteen-lajitteluinto-jopa-yllatti-etapin\/#breadcrumb","itemListElement":[{"@type":"ListItem","position":1,"name":"Etusivu","item":"https:\/\/www.etappiaviisi.fi\/2-2025\/"},{"@type":"ListItem","position":2,"name":"Asukkaiden bioj\u00e4tteen lajitteluinto jopa yll\u00e4tti Etapin"}]},{"@type":"WebSite","@id":"https:\/\/www.etappiaviisi.fi\/2-2025\/#website","url":"https:\/\/www.etappiaviisi.fi\/2-2025\/","name":"Etappi-aviisi 2\/2025","description":"","potentialAction":[{"@type":"SearchAction","target":{"@type":"EntryPoint","urlTemplate":"https:\/\/www.etappiaviisi.fi\/2-2025\/?s={search_term_string}"},"query-input":{"@type":"PropertyValueSpecification","valueRequired":true,"valueName":"search_term_string"}}],"inLanguage":"fi"},{"@type":"Person","@id":"https:\/\/www.etappiaviisi.fi\/2-2025\/#\/schema\/person\/d5e8ecc6c18403bdedb5ddbaa426d458","name":"jaanahautala","url":"https:\/\/www.etappiaviisi.fi\/2-2025\/author\/jaanahautala\/"}]}},"_links":{"self":[{"href":"https:\/\/www.etappiaviisi.fi\/2-2025\/wp-json\/wp\/v2\/posts\/59","targetHints":{"allow":["GET"]}}],"collection":[{"href":"https:\/\/www.etappiaviisi.fi\/2-2025\/wp-json\/wp\/v2\/posts"}],"about":[{"href":"https:\/\/www.etappiaviisi.fi\/2-2025\/wp-json\/wp\/v2\/types\/post"}],"author":[{"embeddable":true,"href":"https:\/\/www.etappiaviisi.fi\/2-2025\/wp-json\/wp\/v2\/users\/10"}],"replies":[{"embeddable":true,"href":"https:\/\/www.etappiaviisi.fi\/2-2025\/wp-json\/wp\/v2\/comments?post=59"}],"version-history":[{"count":15,"href":"https:\/\/www.etappiaviisi.fi\/2-2025\/wp-json\/wp\/v2\/posts\/59\/revisions"}],"predecessor-version":[{"id":1018,"href":"https:\/\/www.etappiaviisi.fi\/2-2025\/wp-json\/wp\/v2\/posts\/59\/revisions\/1018"}],"wp:featuredmedia":[{"embeddable":true,"href":"https:\/\/www.etappiaviisi.fi\/2-2025\/wp-json\/wp\/v2\/media\/307"}],"wp:attachment":[{"href":"https:\/\/www.etappiaviisi.fi\/2-2025\/wp-json\/wp\/v2\/media?parent=59"}],"wp:term":[{"taxonomy":"category","embeddable":true,"href":"https:\/\/www.etappiaviisi.fi\/2-2025\/wp-json\/wp\/v2\/categories?post=59"},{"taxonomy":"post_tag","embeddable":true,"href":"https:\/\/www.etappiaviisi.fi\/2-2025\/wp-json\/wp\/v2\/tags?post=59"}],"curies":[{"name":"wp","href":"https:\/\/api.w.org\/{rel}","templated":true}]}}