{"id":27,"date":"2025-09-08T08:54:00","date_gmt":"2025-09-08T05:54:00","guid":{"rendered":"https:\/\/www.etappiaviisi.fi\/2-2025\/?p=27"},"modified":"2025-09-29T13:17:32","modified_gmt":"2025-09-29T10:17:32","slug":"arjen-kiertotalous-on-jo-uusi-normaali","status":"publish","type":"post","link":"https:\/\/www.etappiaviisi.fi\/2-2025\/arjen-kiertotalous-on-jo-uusi-normaali\/","title":{"rendered":"Arjen kiertotalous on jo uusi normaali"},"content":{"rendered":"\n<div class=\"wp-block-columns is-layout-flex wp-container-core-columns-is-layout-9d6595d7 wp-block-columns-is-layout-flex\">\n<div class=\"wp-block-column is-layout-flow wp-block-column-is-layout-flow\">\n<h4 class=\"wp-block-heading\">Kuuntele podcast aiheesta:<\/h4>\n\n\n\n<figure class=\"wp-block-audio\"><audio controls src=\"https:\/\/www.etappiaviisi.fi\/2-2025\/wp-content\/uploads\/sites\/7\/2025\/09\/Miksi-biojatteet-pitaa-lajitella_AVIISI.mp3\"><\/audio><\/figure>\n\n\n\n<p>J\u00e4telain muutosten ja j\u00e4tehuoltom\u00e4\u00e4r\u00e4ysten mukainen bioj\u00e4tteen erillisker\u00e4yksen laajeneminen kaikille kiinteist\u00f6ille, joilla ei kompostoida, on edennyt suunnitellusti Lakeuden Etapin toimialueella Spot Plus-palveluna. Kev\u00e4\u00e4ll\u00e4 2026 koko Etapin toimialue tulee olemaan bioj\u00e4tteen erillisker\u00e4yksen piiriss\u00e4.<\/p>\n\n\n\n<div class=\"wp-block-columns is-layout-flex wp-container-core-columns-is-layout-9d6595d7 wp-block-columns-is-layout-flex\">\n<div class=\"wp-block-column is-layout-flow wp-block-column-is-layout-flow\">\n<p>Spot Plus -palvelu on jo k\u00e4ynniss\u00e4 Lapualla, Ilmajoella, kanta-Kurikassa, Kuortaneella ja Sein\u00e4joella lukuun ottamatta Per\u00e4sein\u00e4joen aluetta. Palvelu kattaa koko Etapin toimialueen vaiheittain vuoden 2026 kes\u00e4\u00e4n menness\u00e4, pois lukien Jurvan alueen, jossa kaksilokeroker\u00e4yst\u00e4 ei voida toteuttaa erilaisen j\u00e4tteenkuljetusj\u00e4rjestelm\u00e4n takia.<\/p>\n<\/div>\n\n\n\n<div class=\"wp-block-column is-layout-flow wp-block-column-is-layout-flow\">\n<blockquote class=\"wp-block-quote is-layout-flow wp-block-quote-is-layout-flow\" style=\"border-style:none;border-width:0px;border-radius:0px\">\n<p>Spot-palvelun my\u00f6t\u00e4 lajittelu on entist\u00e4 helpompaa ja yh\u00e4 useampi saa siihen tilaisuuden<\/p>\n<\/blockquote>\n<\/div>\n<\/div>\n\n\n\n<p>\u2013&nbsp;Spot Plus -kaksilokeroker\u00e4yksell\u00e4 bioj\u00e4tteen erillisker\u00e4yspalvelu pystyt\u00e4\u00e4n toteuttamaan koko toimialueelle ja my\u00f6s pienkiinteist\u00f6ille, joihin sit\u00e4 on asukkaiden taholta toivottu, kertoo kehitys- ja ymp\u00e4rist\u00f6johtaja <strong>Mirva Hautala<\/strong>.<\/p>\n\n\n\n<h2 class=\"wp-block-heading\">Mik\u00e4 on Spot-palvelu?<\/h2>\n\n\n\n<p>Mist\u00e4 on kyse? Spot Plus -kaksilokeroker\u00e4yksell\u00e4 tarjotaan bioj\u00e4tteen lajittelumahdollisuus my\u00f6s haja-asutusalueiden pienkiinteist\u00f6ille. Spot Pro -nelilokeroker\u00e4yksell\u00e4 puolestaan saa halutessaan lis\u00e4ksi pakkausj\u00e4tteiden ker\u00e4yksen pienkiinteist\u00f6ille taajamissa. Lajittelemaan siis p\u00e4\u00e4see entist\u00e4 helpommalla ja mahdollisuus siihen tarjotaan yh\u00e4 useammille.<\/p>\n\n\n\n<p>Spot-palveluissa k\u00e4ytet\u00e4\u00e4n monilokeroastioita j\u00e4tteiden ker\u00e4yksess\u00e4, mik\u00e4 v\u00e4hent\u00e4\u00e4 kuljetusp\u00e4\u00e4st\u00f6j\u00e4 ja kustannuksia. Pakkausj\u00e4tteit\u00e4 ker\u00e4t\u00e4\u00e4n nelilokeroastialla ja bioj\u00e4tett\u00e4 pientaloissa kaksilokeroastialla. Lokeroastioissa on omat lokeronsa eri j\u00e4telajeille. N\u00e4in pystyt\u00e4\u00e4n edist\u00e4m\u00e4\u00e4n kierr\u00e4tyst\u00e4 v\u00e4hemmill\u00e4 p\u00e4\u00e4st\u00f6ill\u00e4.<\/p>\n\n\n\n<h2 class=\"wp-block-heading\">Bioj\u00e4tteet ker\u00e4t\u00e4\u00e4n kaikilta kompostoimattomilta kiinteist\u00f6ilt\u00e4<\/h2>\n\n\n\n<p>Bioj\u00e4tteen ker\u00e4ys laajenee kaikille asuinkiinteist\u00f6ille, vapaa-ajan kiinteist\u00f6t pois lukien, alueittain viidess\u00e4 vaiheessa 1.4.2024 &#8211; 1.4.2026 v\u00e4lisen\u00e4 aikana.<\/p>\n\n\n\n<figure class=\"wp-block-image size-large\"><img loading=\"lazy\" decoding=\"async\" width=\"1024\" height=\"576\" src=\"https:\/\/www.etappiaviisi.fi\/2-2025\/wp-content\/uploads\/sites\/7\/2025\/09\/4.-Spot-palvelut_kartalla_aikataulut_1920x1080px-1-1024x576.png\" alt=\"\" class=\"wp-image-28\" srcset=\"https:\/\/www.etappiaviisi.fi\/2-2025\/wp-content\/uploads\/sites\/7\/2025\/09\/4.-Spot-palvelut_kartalla_aikataulut_1920x1080px-1-1024x576.png 1024w, https:\/\/www.etappiaviisi.fi\/2-2025\/wp-content\/uploads\/sites\/7\/2025\/09\/4.-Spot-palvelut_kartalla_aikataulut_1920x1080px-1-300x169.png 300w, https:\/\/www.etappiaviisi.fi\/2-2025\/wp-content\/uploads\/sites\/7\/2025\/09\/4.-Spot-palvelut_kartalla_aikataulut_1920x1080px-1-768x432.png 768w, https:\/\/www.etappiaviisi.fi\/2-2025\/wp-content\/uploads\/sites\/7\/2025\/09\/4.-Spot-palvelut_kartalla_aikataulut_1920x1080px-1-1536x864.png 1536w, https:\/\/www.etappiaviisi.fi\/2-2025\/wp-content\/uploads\/sites\/7\/2025\/09\/4.-Spot-palvelut_kartalla_aikataulut_1920x1080px-1-1440x810.png 1440w, https:\/\/www.etappiaviisi.fi\/2-2025\/wp-content\/uploads\/sites\/7\/2025\/09\/4.-Spot-palvelut_kartalla_aikataulut_1920x1080px-1-576x324.png 576w, https:\/\/www.etappiaviisi.fi\/2-2025\/wp-content\/uploads\/sites\/7\/2025\/09\/4.-Spot-palvelut_kartalla_aikataulut_1920x1080px-1.png 1920w\" sizes=\"(max-width: 1024px) 100vw, 1024px\" \/><\/figure>\n\n\n\n<h4 class=\"wp-block-heading\"><strong>Aikataulu bioj\u00e4tteen ker\u00e4yksen muutoksille:<\/strong><\/h4>\n\n\n\n<ul class=\"wp-block-list\">\n<li>Ilmajoki, Kurikka, Lapua: 1.4.2024 alkaen<\/li>\n\n\n\n<li>Kanta-Sein\u00e4joki, Hyllykallio, Nurmon keskusta: 1.7.2024 alkaen<\/li>\n\n\n\n<li>Sein\u00e4joki keskustaajaman ulkopuolinen alue, Ylistaro, Nurmon taajaman ulkopuoliset alueet, Kuortane: 1.5.2025 alkaen<\/li>\n\n\n\n<li>Jalasj\u00e4rvi, Per\u00e4sein\u00e4joki: 1.1.2026 alkaen<\/li>\n\n\n\n<li>Alavus, \u00c4ht\u00e4ri, Kihni\u00f6: 1.4.2026 alkaen<\/li>\n<\/ul>\n\n\n\n<h4 class=\"wp-block-heading\">Jurvassa vain bioj\u00e4te ja pakkausj\u00e4tteet kunnan j\u00e4rjest\u00e4m\u00e4ss\u00e4 kuljetuksessa<\/h4>\n\n\n\n<p>Jurvan alueella bioj\u00e4tteen ja pakkausj\u00e4tteiden erillisker\u00e4ykset toteutetaan kunnan j\u00e4rjest\u00e4m\u00e4n\u00e4 j\u00e4tteenkuljetuksena. Bioj\u00e4tteen ker\u00e4ys ei kuitenkaan laajene Jurvaan 1\u20134:n huoneiston kiinteist\u00f6ille. Kaksilokeroastioiden k\u00e4ytt\u00f6 ei ole mahdollista kiinteist\u00f6n haltijan j\u00e4rjest\u00e4m\u00e4n j\u00e4tteenkuljetusj\u00e4rjestelm\u00e4n vuoksi.<\/p>\n<\/div>\n<\/div>\n\n\n\n<section class=\"block block-infobox box-narrow\">\n\t<div class=\"container\">\n\t\t\t\t\t<header class=\"infobox-header\">\n\t\t\t\t\n\t\t\t\t<h2 class=\"title h3\">J\u00e4telakimuutos ja kierr\u00e4tystavoitteet:<\/h2>\t\t\t<\/header>\n\t\t\n\t\t\t\t\t<div class=\"columns grid-columns-1\">\n\t\t\t\t\t\t\t\t\t<div class=\"column\">\n\t\t\t\t\t\t\n\t\t\t\t\t\t<div class=\"content-wrapper\">\n\t\t\t\t\t\t\t\n\t\t\t\t\t\t\t\n\t\t\t\t\t\t\t\t\t\t\t\t\t\t\t<div class=\"content content-wysiwyg\">\n\t\t\t\t\t\t\t\t\t<p>Vuonna 2021 astui voimaan j\u00e4telakimuutos, mik\u00e4 huomioitiin my\u00f6s alueellisissa j\u00e4tehuoltom\u00e4\u00e4r\u00e4yksiss\u00e4.<\/p>\n<ul>\n<li>Muutosten mukaisesti bioj\u00e4tteiden erillisker\u00e4yst\u00e4 on lis\u00e4tt\u00e4v\u00e4 kierr\u00e4tyksen edist\u00e4miseksi.<\/li>\n<li>Etapissa p\u00e4\u00e4dyttiin laajempaan bioj\u00e4tteen ker\u00e4ysalueeseen kuin pelk\u00e4st\u00e4\u00e4n j\u00e4telain edellytt\u00e4miin isoihin taajamiin, koska siten saadaan nostettua kierr\u00e4tysastetta tehokkaammin ja tarjottua palvelut tasapuolisesti eri alueille.<\/li>\n<li>Uuden j\u00e4telain ja asetuksen tavoitteena on, ett\u00e4 yhdyskuntaj\u00e4tteest\u00e4 valmisteltaisiin uudelleenk\u00e4ytt\u00f6\u00f6n tai kierr\u00e4tett\u00e4isiin\n<ul>\n<li>55 painoprosenttia vuonna 2025<\/li>\n<li>60 painoprosenttia vuonna 2030<\/li>\n<li>65 painoprosenttia vuonna 2035<\/li>\n<li>Tavoitteiden saavuttaminen edellytt\u00e4\u00e4 kierr\u00e4tyskelpoisten j\u00e4tteiden tehokasta lajittelua ja erillisker\u00e4yst\u00e4 sek\u00e4 jatkok\u00e4sittely\u00e4 uusiomateriaaleiksi.<\/li>\n<\/ul>\n<\/li>\n<\/ul>\n\t\t\t\t\t\t\t\t<\/div>\n\t\t\t\t\t\t\t\t\t\t\t\t\t<\/div>\n\t\t\t\t\t<\/div>\n\t\t\t\t\t\t\t<\/div>\n\t\t\t<\/div>\n<\/section>\n","protected":false},"excerpt":{"rendered":"<p>Etapin toimialueen asukkaiden lajittelumahdollisuuksia on lis\u00e4tty uuden palvelumallin mukaisesti my\u00f6s pientaloille, bioj\u00e4tteen sek\u00e4 pakkausj\u00e4tteiden lajittelu kotikiinteist\u00f6n astioihin alkaakin alueella sujua jo kuin vett\u00e4 vaan. Uudesta arjen kiertotaloudesta on tullut uusi normaali.<\/p>\n","protected":false},"author":10,"featured_media":204,"comment_status":"closed","ping_status":"closed","sticky":false,"template":"","format":"standard","meta":{"_acf_changed":false,"footnotes":""},"categories":[22,8,7],"tags":[],"class_list":["post-27","post","type-post","status-publish","format-standard","has-post-thumbnail","hentry","category-lainsaadanto","category-spot-palvelut","category-uusi-arjen-kiertotalous"],"acf":[],"yoast_head":"<!-- This site is optimized with the Yoast SEO plugin v27.5 - https:\/\/yoast.com\/product\/yoast-seo-wordpress\/ -->\n<title>Arjen kiertotalous on jo uusi normaali - Etappi-aviisi 2\/2025<\/title>\n<meta name=\"robots\" content=\"index, follow, max-snippet:-1, max-image-preview:large, max-video-preview:-1\" \/>\n<link rel=\"canonical\" href=\"https:\/\/www.etappiaviisi.fi\/2-2025\/arjen-kiertotalous-on-jo-uusi-normaali\/\" \/>\n<meta property=\"og:locale\" content=\"fi_FI\" \/>\n<meta property=\"og:type\" content=\"article\" \/>\n<meta property=\"og:title\" content=\"Arjen kiertotalous on jo uusi normaali - Etappi-aviisi 2\/2025\" \/>\n<meta property=\"og:description\" content=\"Etapin toimialueen asukkaiden lajittelumahdollisuuksia on lis\u00e4tty uuden palvelumallin mukaisesti my\u00f6s pientaloille, bioj\u00e4tteen sek\u00e4 pakkausj\u00e4tteiden lajittelu kotikiinteist\u00f6n astioihin alkaakin alueella sujua jo kuin vett\u00e4 vaan. Uudesta arjen kiertotaloudesta on tullut uusi normaali.\" \/>\n<meta property=\"og:url\" content=\"https:\/\/www.etappiaviisi.fi\/2-2025\/arjen-kiertotalous-on-jo-uusi-normaali\/\" \/>\n<meta property=\"og:site_name\" content=\"Etappi-aviisi 2\/2025\" \/>\n<meta property=\"article:published_time\" content=\"2025-09-08T05:54:00+00:00\" \/>\n<meta property=\"article:modified_time\" content=\"2025-09-29T10:17:32+00:00\" \/>\n<meta property=\"og:image\" content=\"https:\/\/www.etappiaviisi.fi\/2-2025\/wp-content\/uploads\/sites\/7\/2025\/09\/4.-Arjen-kierto-kiertotalous-on-.-seinajokinakyma2-2025-1024x766.jpg\" \/>\n\t<meta property=\"og:image:width\" content=\"1024\" \/>\n\t<meta property=\"og:image:height\" content=\"766\" \/>\n\t<meta property=\"og:image:type\" content=\"image\/jpeg\" \/>\n<meta name=\"author\" content=\"jaanahautala\" \/>\n<meta name=\"twitter:card\" content=\"summary_large_image\" \/>\n<meta name=\"twitter:label1\" content=\"Kirjoittanut\" \/>\n\t<meta name=\"twitter:data1\" content=\"jaanahautala\" \/>\n\t<meta name=\"twitter:label2\" content=\"Arvioitu lukuaika\" \/>\n\t<meta name=\"twitter:data2\" content=\"2 minuuttia\" \/>\n<script type=\"application\/ld+json\" class=\"yoast-schema-graph\">{\"@context\":\"https:\\\/\\\/schema.org\",\"@graph\":[{\"@type\":\"Article\",\"@id\":\"https:\\\/\\\/www.etappiaviisi.fi\\\/2-2025\\\/arjen-kiertotalous-on-jo-uusi-normaali\\\/#article\",\"isPartOf\":{\"@id\":\"https:\\\/\\\/www.etappiaviisi.fi\\\/2-2025\\\/arjen-kiertotalous-on-jo-uusi-normaali\\\/\"},\"author\":{\"name\":\"jaanahautala\",\"@id\":\"https:\\\/\\\/www.etappiaviisi.fi\\\/2-2025\\\/#\\\/schema\\\/person\\\/d5e8ecc6c18403bdedb5ddbaa426d458\"},\"headline\":\"Arjen kiertotalous on jo uusi normaali\",\"datePublished\":\"2025-09-08T05:54:00+00:00\",\"dateModified\":\"2025-09-29T10:17:32+00:00\",\"mainEntityOfPage\":{\"@id\":\"https:\\\/\\\/www.etappiaviisi.fi\\\/2-2025\\\/arjen-kiertotalous-on-jo-uusi-normaali\\\/\"},\"wordCount\":365,\"image\":{\"@id\":\"https:\\\/\\\/www.etappiaviisi.fi\\\/2-2025\\\/arjen-kiertotalous-on-jo-uusi-normaali\\\/#primaryimage\"},\"thumbnailUrl\":\"https:\\\/\\\/www.etappiaviisi.fi\\\/2-2025\\\/wp-content\\\/uploads\\\/sites\\\/7\\\/2025\\\/09\\\/4.-Arjen-kierto-kiertotalous-on-.-seinajokinakyma2-2025.jpg\",\"articleSection\":[\"Lains\u00e4\u00e4d\u00e4nt\u00f6\",\"Spot-palvelut\",\"Uusi arjen kiertotalous\"],\"inLanguage\":\"fi\"},{\"@type\":\"WebPage\",\"@id\":\"https:\\\/\\\/www.etappiaviisi.fi\\\/2-2025\\\/arjen-kiertotalous-on-jo-uusi-normaali\\\/\",\"url\":\"https:\\\/\\\/www.etappiaviisi.fi\\\/2-2025\\\/arjen-kiertotalous-on-jo-uusi-normaali\\\/\",\"name\":\"Arjen kiertotalous on jo uusi normaali - Etappi-aviisi 2\\\/2025\",\"isPartOf\":{\"@id\":\"https:\\\/\\\/www.etappiaviisi.fi\\\/2-2025\\\/#website\"},\"primaryImageOfPage\":{\"@id\":\"https:\\\/\\\/www.etappiaviisi.fi\\\/2-2025\\\/arjen-kiertotalous-on-jo-uusi-normaali\\\/#primaryimage\"},\"image\":{\"@id\":\"https:\\\/\\\/www.etappiaviisi.fi\\\/2-2025\\\/arjen-kiertotalous-on-jo-uusi-normaali\\\/#primaryimage\"},\"thumbnailUrl\":\"https:\\\/\\\/www.etappiaviisi.fi\\\/2-2025\\\/wp-content\\\/uploads\\\/sites\\\/7\\\/2025\\\/09\\\/4.-Arjen-kierto-kiertotalous-on-.-seinajokinakyma2-2025.jpg\",\"datePublished\":\"2025-09-08T05:54:00+00:00\",\"dateModified\":\"2025-09-29T10:17:32+00:00\",\"author\":{\"@id\":\"https:\\\/\\\/www.etappiaviisi.fi\\\/2-2025\\\/#\\\/schema\\\/person\\\/d5e8ecc6c18403bdedb5ddbaa426d458\"},\"breadcrumb\":{\"@id\":\"https:\\\/\\\/www.etappiaviisi.fi\\\/2-2025\\\/arjen-kiertotalous-on-jo-uusi-normaali\\\/#breadcrumb\"},\"inLanguage\":\"fi\",\"potentialAction\":[{\"@type\":\"ReadAction\",\"target\":[\"https:\\\/\\\/www.etappiaviisi.fi\\\/2-2025\\\/arjen-kiertotalous-on-jo-uusi-normaali\\\/\"]}]},{\"@type\":\"ImageObject\",\"inLanguage\":\"fi\",\"@id\":\"https:\\\/\\\/www.etappiaviisi.fi\\\/2-2025\\\/arjen-kiertotalous-on-jo-uusi-normaali\\\/#primaryimage\",\"url\":\"https:\\\/\\\/www.etappiaviisi.fi\\\/2-2025\\\/wp-content\\\/uploads\\\/sites\\\/7\\\/2025\\\/09\\\/4.-Arjen-kierto-kiertotalous-on-.-seinajokinakyma2-2025.jpg\",\"contentUrl\":\"https:\\\/\\\/www.etappiaviisi.fi\\\/2-2025\\\/wp-content\\\/uploads\\\/sites\\\/7\\\/2025\\\/09\\\/4.-Arjen-kierto-kiertotalous-on-.-seinajokinakyma2-2025.jpg\",\"width\":1920,\"height\":1437},{\"@type\":\"BreadcrumbList\",\"@id\":\"https:\\\/\\\/www.etappiaviisi.fi\\\/2-2025\\\/arjen-kiertotalous-on-jo-uusi-normaali\\\/#breadcrumb\",\"itemListElement\":[{\"@type\":\"ListItem\",\"position\":1,\"name\":\"Etusivu\",\"item\":\"https:\\\/\\\/www.etappiaviisi.fi\\\/2-2025\\\/\"},{\"@type\":\"ListItem\",\"position\":2,\"name\":\"Arjen kiertotalous on jo uusi normaali\"}]},{\"@type\":\"WebSite\",\"@id\":\"https:\\\/\\\/www.etappiaviisi.fi\\\/2-2025\\\/#website\",\"url\":\"https:\\\/\\\/www.etappiaviisi.fi\\\/2-2025\\\/\",\"name\":\"Etappi-aviisi 2\\\/2025\",\"description\":\"\",\"potentialAction\":[{\"@type\":\"SearchAction\",\"target\":{\"@type\":\"EntryPoint\",\"urlTemplate\":\"https:\\\/\\\/www.etappiaviisi.fi\\\/2-2025\\\/?s={search_term_string}\"},\"query-input\":{\"@type\":\"PropertyValueSpecification\",\"valueRequired\":true,\"valueName\":\"search_term_string\"}}],\"inLanguage\":\"fi\"},{\"@type\":\"Person\",\"@id\":\"https:\\\/\\\/www.etappiaviisi.fi\\\/2-2025\\\/#\\\/schema\\\/person\\\/d5e8ecc6c18403bdedb5ddbaa426d458\",\"name\":\"jaanahautala\",\"url\":\"https:\\\/\\\/www.etappiaviisi.fi\\\/2-2025\\\/author\\\/jaanahautala\\\/\"}]}<\/script>\n<!-- \/ Yoast SEO plugin. -->","yoast_head_json":{"title":"Arjen kiertotalous on jo uusi normaali - Etappi-aviisi 2\/2025","robots":{"index":"index","follow":"follow","max-snippet":"max-snippet:-1","max-image-preview":"max-image-preview:large","max-video-preview":"max-video-preview:-1"},"canonical":"https:\/\/www.etappiaviisi.fi\/2-2025\/arjen-kiertotalous-on-jo-uusi-normaali\/","og_locale":"fi_FI","og_type":"article","og_title":"Arjen kiertotalous on jo uusi normaali - Etappi-aviisi 2\/2025","og_description":"Etapin toimialueen asukkaiden lajittelumahdollisuuksia on lis\u00e4tty uuden palvelumallin mukaisesti my\u00f6s pientaloille, bioj\u00e4tteen sek\u00e4 pakkausj\u00e4tteiden lajittelu kotikiinteist\u00f6n astioihin alkaakin alueella sujua jo kuin vett\u00e4 vaan. Uudesta arjen kiertotaloudesta on tullut uusi normaali.","og_url":"https:\/\/www.etappiaviisi.fi\/2-2025\/arjen-kiertotalous-on-jo-uusi-normaali\/","og_site_name":"Etappi-aviisi 2\/2025","article_published_time":"2025-09-08T05:54:00+00:00","article_modified_time":"2025-09-29T10:17:32+00:00","og_image":[{"width":1024,"height":766,"url":"https:\/\/www.etappiaviisi.fi\/2-2025\/wp-content\/uploads\/sites\/7\/2025\/09\/4.-Arjen-kierto-kiertotalous-on-.-seinajokinakyma2-2025-1024x766.jpg","type":"image\/jpeg"}],"author":"jaanahautala","twitter_card":"summary_large_image","twitter_misc":{"Kirjoittanut":"jaanahautala","Arvioitu lukuaika":"2 minuuttia"},"schema":{"@context":"https:\/\/schema.org","@graph":[{"@type":"Article","@id":"https:\/\/www.etappiaviisi.fi\/2-2025\/arjen-kiertotalous-on-jo-uusi-normaali\/#article","isPartOf":{"@id":"https:\/\/www.etappiaviisi.fi\/2-2025\/arjen-kiertotalous-on-jo-uusi-normaali\/"},"author":{"name":"jaanahautala","@id":"https:\/\/www.etappiaviisi.fi\/2-2025\/#\/schema\/person\/d5e8ecc6c18403bdedb5ddbaa426d458"},"headline":"Arjen kiertotalous on jo uusi normaali","datePublished":"2025-09-08T05:54:00+00:00","dateModified":"2025-09-29T10:17:32+00:00","mainEntityOfPage":{"@id":"https:\/\/www.etappiaviisi.fi\/2-2025\/arjen-kiertotalous-on-jo-uusi-normaali\/"},"wordCount":365,"image":{"@id":"https:\/\/www.etappiaviisi.fi\/2-2025\/arjen-kiertotalous-on-jo-uusi-normaali\/#primaryimage"},"thumbnailUrl":"https:\/\/www.etappiaviisi.fi\/2-2025\/wp-content\/uploads\/sites\/7\/2025\/09\/4.-Arjen-kierto-kiertotalous-on-.-seinajokinakyma2-2025.jpg","articleSection":["Lains\u00e4\u00e4d\u00e4nt\u00f6","Spot-palvelut","Uusi arjen kiertotalous"],"inLanguage":"fi"},{"@type":"WebPage","@id":"https:\/\/www.etappiaviisi.fi\/2-2025\/arjen-kiertotalous-on-jo-uusi-normaali\/","url":"https:\/\/www.etappiaviisi.fi\/2-2025\/arjen-kiertotalous-on-jo-uusi-normaali\/","name":"Arjen kiertotalous on jo uusi normaali - Etappi-aviisi 2\/2025","isPartOf":{"@id":"https:\/\/www.etappiaviisi.fi\/2-2025\/#website"},"primaryImageOfPage":{"@id":"https:\/\/www.etappiaviisi.fi\/2-2025\/arjen-kiertotalous-on-jo-uusi-normaali\/#primaryimage"},"image":{"@id":"https:\/\/www.etappiaviisi.fi\/2-2025\/arjen-kiertotalous-on-jo-uusi-normaali\/#primaryimage"},"thumbnailUrl":"https:\/\/www.etappiaviisi.fi\/2-2025\/wp-content\/uploads\/sites\/7\/2025\/09\/4.-Arjen-kierto-kiertotalous-on-.-seinajokinakyma2-2025.jpg","datePublished":"2025-09-08T05:54:00+00:00","dateModified":"2025-09-29T10:17:32+00:00","author":{"@id":"https:\/\/www.etappiaviisi.fi\/2-2025\/#\/schema\/person\/d5e8ecc6c18403bdedb5ddbaa426d458"},"breadcrumb":{"@id":"https:\/\/www.etappiaviisi.fi\/2-2025\/arjen-kiertotalous-on-jo-uusi-normaali\/#breadcrumb"},"inLanguage":"fi","potentialAction":[{"@type":"ReadAction","target":["https:\/\/www.etappiaviisi.fi\/2-2025\/arjen-kiertotalous-on-jo-uusi-normaali\/"]}]},{"@type":"ImageObject","inLanguage":"fi","@id":"https:\/\/www.etappiaviisi.fi\/2-2025\/arjen-kiertotalous-on-jo-uusi-normaali\/#primaryimage","url":"https:\/\/www.etappiaviisi.fi\/2-2025\/wp-content\/uploads\/sites\/7\/2025\/09\/4.-Arjen-kierto-kiertotalous-on-.-seinajokinakyma2-2025.jpg","contentUrl":"https:\/\/www.etappiaviisi.fi\/2-2025\/wp-content\/uploads\/sites\/7\/2025\/09\/4.-Arjen-kierto-kiertotalous-on-.-seinajokinakyma2-2025.jpg","width":1920,"height":1437},{"@type":"BreadcrumbList","@id":"https:\/\/www.etappiaviisi.fi\/2-2025\/arjen-kiertotalous-on-jo-uusi-normaali\/#breadcrumb","itemListElement":[{"@type":"ListItem","position":1,"name":"Etusivu","item":"https:\/\/www.etappiaviisi.fi\/2-2025\/"},{"@type":"ListItem","position":2,"name":"Arjen kiertotalous on jo uusi normaali"}]},{"@type":"WebSite","@id":"https:\/\/www.etappiaviisi.fi\/2-2025\/#website","url":"https:\/\/www.etappiaviisi.fi\/2-2025\/","name":"Etappi-aviisi 2\/2025","description":"","potentialAction":[{"@type":"SearchAction","target":{"@type":"EntryPoint","urlTemplate":"https:\/\/www.etappiaviisi.fi\/2-2025\/?s={search_term_string}"},"query-input":{"@type":"PropertyValueSpecification","valueRequired":true,"valueName":"search_term_string"}}],"inLanguage":"fi"},{"@type":"Person","@id":"https:\/\/www.etappiaviisi.fi\/2-2025\/#\/schema\/person\/d5e8ecc6c18403bdedb5ddbaa426d458","name":"jaanahautala","url":"https:\/\/www.etappiaviisi.fi\/2-2025\/author\/jaanahautala\/"}]}},"_links":{"self":[{"href":"https:\/\/www.etappiaviisi.fi\/2-2025\/wp-json\/wp\/v2\/posts\/27","targetHints":{"allow":["GET"]}}],"collection":[{"href":"https:\/\/www.etappiaviisi.fi\/2-2025\/wp-json\/wp\/v2\/posts"}],"about":[{"href":"https:\/\/www.etappiaviisi.fi\/2-2025\/wp-json\/wp\/v2\/types\/post"}],"author":[{"embeddable":true,"href":"https:\/\/www.etappiaviisi.fi\/2-2025\/wp-json\/wp\/v2\/users\/10"}],"replies":[{"embeddable":true,"href":"https:\/\/www.etappiaviisi.fi\/2-2025\/wp-json\/wp\/v2\/comments?post=27"}],"version-history":[{"count":13,"href":"https:\/\/www.etappiaviisi.fi\/2-2025\/wp-json\/wp\/v2\/posts\/27\/revisions"}],"predecessor-version":[{"id":1015,"href":"https:\/\/www.etappiaviisi.fi\/2-2025\/wp-json\/wp\/v2\/posts\/27\/revisions\/1015"}],"wp:featuredmedia":[{"embeddable":true,"href":"https:\/\/www.etappiaviisi.fi\/2-2025\/wp-json\/wp\/v2\/media\/204"}],"wp:attachment":[{"href":"https:\/\/www.etappiaviisi.fi\/2-2025\/wp-json\/wp\/v2\/media?parent=27"}],"wp:term":[{"taxonomy":"category","embeddable":true,"href":"https:\/\/www.etappiaviisi.fi\/2-2025\/wp-json\/wp\/v2\/categories?post=27"},{"taxonomy":"post_tag","embeddable":true,"href":"https:\/\/www.etappiaviisi.fi\/2-2025\/wp-json\/wp\/v2\/tags?post=27"}],"curies":[{"name":"wp","href":"https:\/\/api.w.org\/{rel}","templated":true}]}}