{"id":19,"date":"2025-09-08T09:04:00","date_gmt":"2025-09-08T06:04:00","guid":{"rendered":"https:\/\/www.etappiaviisi.fi\/2-2025\/?p=19"},"modified":"2025-09-29T13:20:35","modified_gmt":"2025-09-29T10:20:35","slug":"kurikan-re-pisteella-oli-vilsketta-avajaispaivana","status":"publish","type":"post","link":"https:\/\/www.etappiaviisi.fi\/2-2025\/kurikan-re-pisteella-oli-vilsketta-avajaispaivana\/","title":{"rendered":"Kurikan RE-pisteell\u00e4 oli vilskett\u00e4 avajaisp\u00e4iv\u00e4n\u00e4"},"content":{"rendered":"\n<div class=\"wp-block-columns is-layout-flex wp-container-core-columns-is-layout-9d6595d7 wp-block-columns-is-layout-flex\">\n<div class=\"wp-block-column is-layout-flow wp-block-column-is-layout-flow\">\n<p>Leppoisan alkukes\u00e4n s\u00e4\u00e4ss\u00e4 kes\u00e4kuun 5. p\u00e4iv\u00e4n\u00e4 avattiin Kurikan uuden RE-pisteen portit asiakkaille sopivasti juuri Maailman ymp\u00e4rist\u00f6p\u00e4iv\u00e4n\u00e4. Pisteell\u00e4 k\u00e4vikin siit\u00e4 l\u00e4htien vilske pitkin p\u00e4iv\u00e4\u00e4. RE-apin ladanneet itsepalveluasiakkaat p\u00e4\u00e4siv\u00e4t ajelemaan sis\u00e4\u00e4n omia aikojaan itsepalveluportista ja monet halusivat ladata sen heti paikan p\u00e4\u00e4ll\u00e4, kun siihen oli opastusta tarjolla.<\/p>\n\n\n\n<p>Oli paikalle tullut my\u00f6s kiinnostuneita paikan tutkailijoita, jo etuk\u00e4teen tutustumaan, jotta sitten tiet\u00e4\u00e4 kuorman kanssa asioidessaan, miten toimia.<\/p>\n\n\n\n<h2 class=\"wp-block-heading\">Kaksikaistainen lajittelukatos sai kiitosta<\/h2>\n\n\n\n<div class=\"wp-block-columns is-layout-flex wp-container-core-columns-is-layout-9d6595d7 wp-block-columns-is-layout-flex\">\n<div class=\"wp-block-column is-layout-flow wp-block-column-is-layout-flow\">\n<p>Ensimm\u00e4isen\u00e4 asiakkaana sis\u00e4\u00e4n ajeli kurikkalainen <strong>Seppo Latvala<\/strong>, jolla oli monenlaista j\u00e4tett\u00e4 kuormassaan. Kurikan vanha j\u00e4teasema oli tuttu paikka Latvalalle, joka kertoi asioineensa siell\u00e4 s\u00e4\u00e4nn\u00f6llisesti. Nyt jatkossa j\u00e4tekuormat tuodaan sitten uudelle RE-pisteelle.<\/p>\n\n\n\n<div style=\"height:26px\" aria-hidden=\"true\" class=\"wp-block-spacer\"><\/div>\n<\/div>\n<\/div>\n\n\n\n<figure class=\"wp-block-image size-large\"><img loading=\"lazy\" decoding=\"async\" width=\"1024\" height=\"768\" src=\"https:\/\/www.etappiaviisi.fi\/2-2025\/wp-content\/uploads\/sites\/7\/2025\/09\/IMG_0137-1024x768.jpeg\" alt=\"\" class=\"wp-image-500\" srcset=\"https:\/\/www.etappiaviisi.fi\/2-2025\/wp-content\/uploads\/sites\/7\/2025\/09\/IMG_0137-1024x768.jpeg 1024w, https:\/\/www.etappiaviisi.fi\/2-2025\/wp-content\/uploads\/sites\/7\/2025\/09\/IMG_0137-300x225.jpeg 300w, https:\/\/www.etappiaviisi.fi\/2-2025\/wp-content\/uploads\/sites\/7\/2025\/09\/IMG_0137-768x576.jpeg 768w, https:\/\/www.etappiaviisi.fi\/2-2025\/wp-content\/uploads\/sites\/7\/2025\/09\/IMG_0137-1536x1152.jpeg 1536w, https:\/\/www.etappiaviisi.fi\/2-2025\/wp-content\/uploads\/sites\/7\/2025\/09\/IMG_0137-1440x1080.jpeg 1440w, https:\/\/www.etappiaviisi.fi\/2-2025\/wp-content\/uploads\/sites\/7\/2025\/09\/IMG_0137-1280x960.jpeg 1280w, https:\/\/www.etappiaviisi.fi\/2-2025\/wp-content\/uploads\/sites\/7\/2025\/09\/IMG_0137-468x351.jpeg 468w, https:\/\/www.etappiaviisi.fi\/2-2025\/wp-content\/uploads\/sites\/7\/2025\/09\/IMG_0137-352x264.jpeg 352w\" sizes=\"(max-width: 1024px) 100vw, 1024px\" \/><figcaption class=\"wp-element-caption\"><em>Kurikan RE-pisteen ensimm\u00e4inen asiakas Seppo Latvala.<\/em><\/figcaption><\/figure>\n\n\n\n<p>\u2013&nbsp;Kuormassa on muun muassa puuj\u00e4tett\u00e4, metallia, \u00f6ljy\u00e4 ja poltettavaa j\u00e4tett\u00e4, Latvala selvitti. Kuorman purku lajittelukatos Tuubiin sujui opasteiden mukaisesti, kukin j\u00e4telaji oikeaan j\u00e4tepisteeseens\u00e4, kunhan ensin toimintaperiaate selvisi.<\/p>\n\n\n\n<p>Latvalalla ei viel\u00e4 ollut RE-appia k\u00e4yt\u00f6ss\u00e4\u00e4n, mutta h\u00e4n p\u00e4\u00e4tti heti sen ladata jatkoa ajatellen. Vakituisena asiakkaana kun on k\u00e4tev\u00e4\u00e4 p\u00e4\u00e4st\u00e4 asioimaan omia aikojaan, milloin on tarvetta.<\/p>\n\n\n\n<blockquote class=\"wp-block-quote is-layout-flow wp-block-quote-is-layout-flow\">\n<p>&#8221;Kuorman purku lajittelukatos Tuubiin sujui opasteiden mukaisesti.&#8221;<\/p>\n<\/blockquote>\n\n\n\n<p>\u2013&nbsp;Hienolta n\u00e4ytt\u00e4\u00e4, Latvala tuumasi katsellessaan Tuubissa ymp\u00e4rilleen. Etenkin kaksi ajokaistaa autolla liikkumista ja asioinnin sujuvoittamista varten saivat h\u00e4nelt\u00e4 kiitosta.<\/p>\n\n\n\n<p>Latvala totesi my\u00f6s, ett\u00e4 j\u00e4tteet kannattaa jatkossa lajitella jo kotona sen mukaan, ett\u00e4 voi purkaa ne Tuubissa j\u00e4rjestyksess\u00e4 edeten. Ensimm\u00e4isell\u00e4 kerralla oli viel\u00e4 v\u00e4h\u00e4n edestakaisin ajamista eri j\u00e4tepisteille, kun ei ollut appia opastamassa.<\/p>\n\n\n\n<h2 class=\"wp-block-heading\">\u201dEi tarvitse kyt\u00e4t\u00e4 kellonaikoja tai aukiolop\u00e4ivi\u00e4\u201d<\/h2>\n\n\n\n<div class=\"wp-block-columns is-layout-flex wp-container-core-columns-is-layout-9d6595d7 wp-block-columns-is-layout-flex\">\n<div class=\"wp-block-column is-layout-flow wp-block-column-is-layout-flow\">\n<p>Kurikkalainen <strong>Kari Parkkali<\/strong> kippasi avajaisp\u00e4iv\u00e4n\u00e4 haravointij\u00e4tteit\u00e4 pakkaamistaan s\u00e4keist\u00e4 ulkona Tarhassa. H\u00e4nest\u00e4 oli miellytt\u00e4v\u00e4 tulla asioimaan, kun on hyvin tilaa ja paikka on siisti. Parkkalista on hienoa, ett\u00e4 RE-pisteell\u00e4 voi asioida milloin vain, vaikka h\u00e4n arvelikin, ett\u00e4 tuskin y\u00f6ll\u00e4 tulee k\u00e4yty\u00e4.<\/p>\n\n\n\n<p>\u2013&nbsp;Ei tarvitse kyt\u00e4t\u00e4 kellonaikoja tai aukiolop\u00e4ivi\u00e4. On hyv\u00e4 uusi juttu, Parkkali arvioi ensimm\u00e4isell\u00e4 k\u00e4ynnill\u00e4\u00e4n.<\/p>\n<\/div>\n\n\n\n<div class=\"wp-block-column is-layout-flow wp-block-column-is-layout-flow\">\n<figure class=\"wp-block-image size-large is-resized\"><img loading=\"lazy\" decoding=\"async\" width=\"768\" height=\"1024\" src=\"https:\/\/www.etappiaviisi.fi\/2-2025\/wp-content\/uploads\/sites\/7\/2025\/09\/2.-Avajaispaiva-Kari-Parkkali-768x1024.jpg\" alt=\"\" class=\"wp-image-154\" style=\"width:289px;height:auto\" srcset=\"https:\/\/www.etappiaviisi.fi\/2-2025\/wp-content\/uploads\/sites\/7\/2025\/09\/2.-Avajaispaiva-Kari-Parkkali-768x1024.jpg 768w, https:\/\/www.etappiaviisi.fi\/2-2025\/wp-content\/uploads\/sites\/7\/2025\/09\/2.-Avajaispaiva-Kari-Parkkali-225x300.jpg 225w, https:\/\/www.etappiaviisi.fi\/2-2025\/wp-content\/uploads\/sites\/7\/2025\/09\/2.-Avajaispaiva-Kari-Parkkali.jpg 1080w\" sizes=\"(max-width: 768px) 100vw, 768px\" \/><figcaption class=\"wp-element-caption\"><em>Kari Parkkali oli tyytyv\u00e4inen uuteen RE-pisteeseen.<\/em><\/figcaption><\/figure>\n<\/div>\n<\/div>\n\n\n\n<div class=\"wp-block-columns is-layout-flex wp-container-core-columns-is-layout-9d6595d7 wp-block-columns-is-layout-flex\">\n<div class=\"wp-block-column is-layout-flow wp-block-column-is-layout-flow\">\n<figure class=\"wp-block-image size-large\"><img loading=\"lazy\" decoding=\"async\" width=\"768\" height=\"1024\" src=\"https:\/\/www.etappiaviisi.fi\/2-2025\/wp-content\/uploads\/sites\/7\/2025\/09\/2.-Avajaispaiva-Anna-Maija-ja-Henry-Valiaho-Lang-768x1024.jpg\" alt=\"\" class=\"wp-image-153\" srcset=\"https:\/\/www.etappiaviisi.fi\/2-2025\/wp-content\/uploads\/sites\/7\/2025\/09\/2.-Avajaispaiva-Anna-Maija-ja-Henry-Valiaho-Lang-768x1024.jpg 768w, https:\/\/www.etappiaviisi.fi\/2-2025\/wp-content\/uploads\/sites\/7\/2025\/09\/2.-Avajaispaiva-Anna-Maija-ja-Henry-Valiaho-Lang-225x300.jpg 225w, https:\/\/www.etappiaviisi.fi\/2-2025\/wp-content\/uploads\/sites\/7\/2025\/09\/2.-Avajaispaiva-Anna-Maija-ja-Henry-Valiaho-Lang.jpg 1080w\" sizes=\"(max-width: 768px) 100vw, 768px\" \/><figcaption class=\"wp-element-caption\"><em>Anna-Maija ja Henry V\u00e4liaho-L\u00e5ng purkamassa puutarhaj\u00e4tett\u00e4.<\/em><\/figcaption><\/figure>\n<\/div>\n<\/div>\n\n\n\n<p>My\u00f6s <strong>Anna-Maija<\/strong> ja <strong>Henry V\u00e4liaho-L\u00e5ng<\/strong> purkivat puutarhaj\u00e4tekuormaa Tarhassa. Pariskunta on k\u00e4ytt\u00e4nyt ahkerasti vanhaa j\u00e4teasemaa ja tarkoitus on jatkaa samaan malliin uudella RE-pisteell\u00e4 ja ladata RE-appi itsepalveluasiointia varten.<\/p>\n\n\n\n<div class=\"wp-block-columns is-layout-flex wp-container-core-columns-is-layout-9d6595d7 wp-block-columns-is-layout-flex\">\n<div class=\"wp-block-column is-layout-flow wp-block-column-is-layout-flow\">\n<figure class=\"wp-block-image size-large\"><img loading=\"lazy\" decoding=\"async\" width=\"768\" height=\"1024\" src=\"https:\/\/www.etappiaviisi.fi\/2-2025\/wp-content\/uploads\/sites\/7\/2025\/09\/2.-Avajaispaiva-Timo-Kuusisto-768x1024.jpg\" alt=\"\" class=\"wp-image-155\" srcset=\"https:\/\/www.etappiaviisi.fi\/2-2025\/wp-content\/uploads\/sites\/7\/2025\/09\/2.-Avajaispaiva-Timo-Kuusisto-768x1024.jpg 768w, https:\/\/www.etappiaviisi.fi\/2-2025\/wp-content\/uploads\/sites\/7\/2025\/09\/2.-Avajaispaiva-Timo-Kuusisto-225x300.jpg 225w, https:\/\/www.etappiaviisi.fi\/2-2025\/wp-content\/uploads\/sites\/7\/2025\/09\/2.-Avajaispaiva-Timo-Kuusisto.jpg 1080w\" sizes=\"(max-width: 768px) 100vw, 768px\" \/><figcaption class=\"wp-element-caption\"><em>Timo Kuusisto Tiili- ja betonij\u00e4tteen luukulla.<\/em><\/figcaption><\/figure>\n<\/div>\n\n\n\n<div class=\"wp-block-column is-layout-flow wp-block-column-is-layout-flow\">\n<p><strong>Timo Kuusisto<\/strong> toi RE-pisteelle tiili- ja betonij\u00e4tett\u00e4. H\u00e4n totesi, ett\u00e4 paikka on hieno ja palvelee varmasti asiakkaita, kun on l\u00e4pi vuorokauden mahdollisuus asioida. Kuusisto oli saanut henkil\u00f6kunnalta opastusta RE-apin k\u00e4ytt\u00f6\u00f6n ja h\u00e4nen mielest\u00e4\u00e4n vaikuttaa silt\u00e4, ett\u00e4 sit\u00e4 on helppo k\u00e4ytt\u00e4\u00e4.<\/p>\n<\/div>\n<\/div>\n\n\n\n<p><\/p>\n<\/div>\n<\/div>\n","protected":false},"excerpt":{"rendered":"<p>Uusi palvelupiste oli heti ahkerassa k\u00e4yt\u00f6ss\u00e4 ja Etapin v\u00e4ki sai opastaa RE-apin lataajia pitkin p\u00e4iv\u00e4\u00e4. Ensimm\u00e4inen asiakas, Seppo Latvala, p\u00e4\u00e4tti my\u00f6s heti ladata RE-apin.<\/p>\n","protected":false},"author":10,"featured_media":497,"comment_status":"closed","ping_status":"closed","sticky":false,"template":"","format":"standard","meta":{"_acf_changed":false,"footnotes":""},"categories":[14,17,7],"tags":[],"class_list":["post-19","post","type-post","status-publish","format-standard","has-post-thumbnail","hentry","category-re-piste","category-tapahtumat","category-uusi-arjen-kiertotalous"],"acf":[],"yoast_head":"<!-- This site is optimized with the Yoast SEO plugin v27.5 - https:\/\/yoast.com\/product\/yoast-seo-wordpress\/ -->\n<title>Kurikan RE-pisteell\u00e4 oli vilskett\u00e4 avajaisp\u00e4iv\u00e4n\u00e4 - Etappi-aviisi 2\/2025<\/title>\n<meta name=\"robots\" content=\"index, follow, max-snippet:-1, max-image-preview:large, max-video-preview:-1\" \/>\n<link rel=\"canonical\" href=\"https:\/\/www.etappiaviisi.fi\/2-2025\/kurikan-re-pisteella-oli-vilsketta-avajaispaivana\/\" \/>\n<meta property=\"og:locale\" content=\"fi_FI\" \/>\n<meta property=\"og:type\" content=\"article\" \/>\n<meta property=\"og:title\" content=\"Kurikan RE-pisteell\u00e4 oli vilskett\u00e4 avajaisp\u00e4iv\u00e4n\u00e4 - Etappi-aviisi 2\/2025\" \/>\n<meta property=\"og:description\" content=\"Uusi palvelupiste oli heti ahkerassa k\u00e4yt\u00f6ss\u00e4 ja Etapin v\u00e4ki sai opastaa RE-apin lataajia pitkin p\u00e4iv\u00e4\u00e4. Ensimm\u00e4inen asiakas, Seppo Latvala, p\u00e4\u00e4tti my\u00f6s heti ladata RE-apin.\" \/>\n<meta property=\"og:url\" content=\"https:\/\/www.etappiaviisi.fi\/2-2025\/kurikan-re-pisteella-oli-vilsketta-avajaispaivana\/\" \/>\n<meta property=\"og:site_name\" content=\"Etappi-aviisi 2\/2025\" \/>\n<meta property=\"article:published_time\" content=\"2025-09-08T06:04:00+00:00\" \/>\n<meta property=\"article:modified_time\" content=\"2025-09-29T10:20:35+00:00\" \/>\n<meta property=\"og:image\" content=\"https:\/\/www.etappiaviisi.fi\/2-2025\/wp-content\/uploads\/sites\/7\/2025\/09\/2.-IMG_4249-1024x768.png\" \/>\n\t<meta property=\"og:image:width\" content=\"1024\" \/>\n\t<meta property=\"og:image:height\" content=\"768\" \/>\n\t<meta property=\"og:image:type\" content=\"image\/png\" \/>\n<meta name=\"author\" content=\"jaanahautala\" \/>\n<meta name=\"twitter:card\" content=\"summary_large_image\" \/>\n<meta name=\"twitter:label1\" content=\"Kirjoittanut\" \/>\n\t<meta name=\"twitter:data1\" content=\"jaanahautala\" \/>\n\t<meta name=\"twitter:label2\" content=\"Arvioitu lukuaika\" \/>\n\t<meta name=\"twitter:data2\" content=\"4 minuuttia\" \/>\n<script type=\"application\/ld+json\" class=\"yoast-schema-graph\">{\"@context\":\"https:\\\/\\\/schema.org\",\"@graph\":[{\"@type\":\"Article\",\"@id\":\"https:\\\/\\\/www.etappiaviisi.fi\\\/2-2025\\\/kurikan-re-pisteella-oli-vilsketta-avajaispaivana\\\/#article\",\"isPartOf\":{\"@id\":\"https:\\\/\\\/www.etappiaviisi.fi\\\/2-2025\\\/kurikan-re-pisteella-oli-vilsketta-avajaispaivana\\\/\"},\"author\":{\"name\":\"jaanahautala\",\"@id\":\"https:\\\/\\\/www.etappiaviisi.fi\\\/2-2025\\\/#\\\/schema\\\/person\\\/d5e8ecc6c18403bdedb5ddbaa426d458\"},\"headline\":\"Kurikan RE-pisteell\u00e4 oli vilskett\u00e4 avajaisp\u00e4iv\u00e4n\u00e4\",\"datePublished\":\"2025-09-08T06:04:00+00:00\",\"dateModified\":\"2025-09-29T10:20:35+00:00\",\"mainEntityOfPage\":{\"@id\":\"https:\\\/\\\/www.etappiaviisi.fi\\\/2-2025\\\/kurikan-re-pisteella-oli-vilsketta-avajaispaivana\\\/\"},\"wordCount\":454,\"image\":{\"@id\":\"https:\\\/\\\/www.etappiaviisi.fi\\\/2-2025\\\/kurikan-re-pisteella-oli-vilsketta-avajaispaivana\\\/#primaryimage\"},\"thumbnailUrl\":\"https:\\\/\\\/www.etappiaviisi.fi\\\/2-2025\\\/wp-content\\\/uploads\\\/sites\\\/7\\\/2025\\\/09\\\/2.-IMG_4249-scaled.png\",\"articleSection\":[\"RE-piste\",\"Tapahtumat\",\"Uusi arjen kiertotalous\"],\"inLanguage\":\"fi\"},{\"@type\":\"WebPage\",\"@id\":\"https:\\\/\\\/www.etappiaviisi.fi\\\/2-2025\\\/kurikan-re-pisteella-oli-vilsketta-avajaispaivana\\\/\",\"url\":\"https:\\\/\\\/www.etappiaviisi.fi\\\/2-2025\\\/kurikan-re-pisteella-oli-vilsketta-avajaispaivana\\\/\",\"name\":\"Kurikan RE-pisteell\u00e4 oli vilskett\u00e4 avajaisp\u00e4iv\u00e4n\u00e4 - Etappi-aviisi 2\\\/2025\",\"isPartOf\":{\"@id\":\"https:\\\/\\\/www.etappiaviisi.fi\\\/2-2025\\\/#website\"},\"primaryImageOfPage\":{\"@id\":\"https:\\\/\\\/www.etappiaviisi.fi\\\/2-2025\\\/kurikan-re-pisteella-oli-vilsketta-avajaispaivana\\\/#primaryimage\"},\"image\":{\"@id\":\"https:\\\/\\\/www.etappiaviisi.fi\\\/2-2025\\\/kurikan-re-pisteella-oli-vilsketta-avajaispaivana\\\/#primaryimage\"},\"thumbnailUrl\":\"https:\\\/\\\/www.etappiaviisi.fi\\\/2-2025\\\/wp-content\\\/uploads\\\/sites\\\/7\\\/2025\\\/09\\\/2.-IMG_4249-scaled.png\",\"datePublished\":\"2025-09-08T06:04:00+00:00\",\"dateModified\":\"2025-09-29T10:20:35+00:00\",\"author\":{\"@id\":\"https:\\\/\\\/www.etappiaviisi.fi\\\/2-2025\\\/#\\\/schema\\\/person\\\/d5e8ecc6c18403bdedb5ddbaa426d458\"},\"breadcrumb\":{\"@id\":\"https:\\\/\\\/www.etappiaviisi.fi\\\/2-2025\\\/kurikan-re-pisteella-oli-vilsketta-avajaispaivana\\\/#breadcrumb\"},\"inLanguage\":\"fi\",\"potentialAction\":[{\"@type\":\"ReadAction\",\"target\":[\"https:\\\/\\\/www.etappiaviisi.fi\\\/2-2025\\\/kurikan-re-pisteella-oli-vilsketta-avajaispaivana\\\/\"]}]},{\"@type\":\"ImageObject\",\"inLanguage\":\"fi\",\"@id\":\"https:\\\/\\\/www.etappiaviisi.fi\\\/2-2025\\\/kurikan-re-pisteella-oli-vilsketta-avajaispaivana\\\/#primaryimage\",\"url\":\"https:\\\/\\\/www.etappiaviisi.fi\\\/2-2025\\\/wp-content\\\/uploads\\\/sites\\\/7\\\/2025\\\/09\\\/2.-IMG_4249-scaled.png\",\"contentUrl\":\"https:\\\/\\\/www.etappiaviisi.fi\\\/2-2025\\\/wp-content\\\/uploads\\\/sites\\\/7\\\/2025\\\/09\\\/2.-IMG_4249-scaled.png\",\"width\":2560,\"height\":1920},{\"@type\":\"BreadcrumbList\",\"@id\":\"https:\\\/\\\/www.etappiaviisi.fi\\\/2-2025\\\/kurikan-re-pisteella-oli-vilsketta-avajaispaivana\\\/#breadcrumb\",\"itemListElement\":[{\"@type\":\"ListItem\",\"position\":1,\"name\":\"Etusivu\",\"item\":\"https:\\\/\\\/www.etappiaviisi.fi\\\/2-2025\\\/\"},{\"@type\":\"ListItem\",\"position\":2,\"name\":\"Kurikan RE-pisteell\u00e4 oli vilskett\u00e4 avajaisp\u00e4iv\u00e4n\u00e4\"}]},{\"@type\":\"WebSite\",\"@id\":\"https:\\\/\\\/www.etappiaviisi.fi\\\/2-2025\\\/#website\",\"url\":\"https:\\\/\\\/www.etappiaviisi.fi\\\/2-2025\\\/\",\"name\":\"Etappi-aviisi 2\\\/2025\",\"description\":\"\",\"potentialAction\":[{\"@type\":\"SearchAction\",\"target\":{\"@type\":\"EntryPoint\",\"urlTemplate\":\"https:\\\/\\\/www.etappiaviisi.fi\\\/2-2025\\\/?s={search_term_string}\"},\"query-input\":{\"@type\":\"PropertyValueSpecification\",\"valueRequired\":true,\"valueName\":\"search_term_string\"}}],\"inLanguage\":\"fi\"},{\"@type\":\"Person\",\"@id\":\"https:\\\/\\\/www.etappiaviisi.fi\\\/2-2025\\\/#\\\/schema\\\/person\\\/d5e8ecc6c18403bdedb5ddbaa426d458\",\"name\":\"jaanahautala\",\"url\":\"https:\\\/\\\/www.etappiaviisi.fi\\\/2-2025\\\/author\\\/jaanahautala\\\/\"}]}<\/script>\n<!-- \/ Yoast SEO plugin. -->","yoast_head_json":{"title":"Kurikan RE-pisteell\u00e4 oli vilskett\u00e4 avajaisp\u00e4iv\u00e4n\u00e4 - Etappi-aviisi 2\/2025","robots":{"index":"index","follow":"follow","max-snippet":"max-snippet:-1","max-image-preview":"max-image-preview:large","max-video-preview":"max-video-preview:-1"},"canonical":"https:\/\/www.etappiaviisi.fi\/2-2025\/kurikan-re-pisteella-oli-vilsketta-avajaispaivana\/","og_locale":"fi_FI","og_type":"article","og_title":"Kurikan RE-pisteell\u00e4 oli vilskett\u00e4 avajaisp\u00e4iv\u00e4n\u00e4 - Etappi-aviisi 2\/2025","og_description":"Uusi palvelupiste oli heti ahkerassa k\u00e4yt\u00f6ss\u00e4 ja Etapin v\u00e4ki sai opastaa RE-apin lataajia pitkin p\u00e4iv\u00e4\u00e4. Ensimm\u00e4inen asiakas, Seppo Latvala, p\u00e4\u00e4tti my\u00f6s heti ladata RE-apin.","og_url":"https:\/\/www.etappiaviisi.fi\/2-2025\/kurikan-re-pisteella-oli-vilsketta-avajaispaivana\/","og_site_name":"Etappi-aviisi 2\/2025","article_published_time":"2025-09-08T06:04:00+00:00","article_modified_time":"2025-09-29T10:20:35+00:00","og_image":[{"width":1024,"height":768,"url":"https:\/\/www.etappiaviisi.fi\/2-2025\/wp-content\/uploads\/sites\/7\/2025\/09\/2.-IMG_4249-1024x768.png","type":"image\/png"}],"author":"jaanahautala","twitter_card":"summary_large_image","twitter_misc":{"Kirjoittanut":"jaanahautala","Arvioitu lukuaika":"4 minuuttia"},"schema":{"@context":"https:\/\/schema.org","@graph":[{"@type":"Article","@id":"https:\/\/www.etappiaviisi.fi\/2-2025\/kurikan-re-pisteella-oli-vilsketta-avajaispaivana\/#article","isPartOf":{"@id":"https:\/\/www.etappiaviisi.fi\/2-2025\/kurikan-re-pisteella-oli-vilsketta-avajaispaivana\/"},"author":{"name":"jaanahautala","@id":"https:\/\/www.etappiaviisi.fi\/2-2025\/#\/schema\/person\/d5e8ecc6c18403bdedb5ddbaa426d458"},"headline":"Kurikan RE-pisteell\u00e4 oli vilskett\u00e4 avajaisp\u00e4iv\u00e4n\u00e4","datePublished":"2025-09-08T06:04:00+00:00","dateModified":"2025-09-29T10:20:35+00:00","mainEntityOfPage":{"@id":"https:\/\/www.etappiaviisi.fi\/2-2025\/kurikan-re-pisteella-oli-vilsketta-avajaispaivana\/"},"wordCount":454,"image":{"@id":"https:\/\/www.etappiaviisi.fi\/2-2025\/kurikan-re-pisteella-oli-vilsketta-avajaispaivana\/#primaryimage"},"thumbnailUrl":"https:\/\/www.etappiaviisi.fi\/2-2025\/wp-content\/uploads\/sites\/7\/2025\/09\/2.-IMG_4249-scaled.png","articleSection":["RE-piste","Tapahtumat","Uusi arjen kiertotalous"],"inLanguage":"fi"},{"@type":"WebPage","@id":"https:\/\/www.etappiaviisi.fi\/2-2025\/kurikan-re-pisteella-oli-vilsketta-avajaispaivana\/","url":"https:\/\/www.etappiaviisi.fi\/2-2025\/kurikan-re-pisteella-oli-vilsketta-avajaispaivana\/","name":"Kurikan RE-pisteell\u00e4 oli vilskett\u00e4 avajaisp\u00e4iv\u00e4n\u00e4 - Etappi-aviisi 2\/2025","isPartOf":{"@id":"https:\/\/www.etappiaviisi.fi\/2-2025\/#website"},"primaryImageOfPage":{"@id":"https:\/\/www.etappiaviisi.fi\/2-2025\/kurikan-re-pisteella-oli-vilsketta-avajaispaivana\/#primaryimage"},"image":{"@id":"https:\/\/www.etappiaviisi.fi\/2-2025\/kurikan-re-pisteella-oli-vilsketta-avajaispaivana\/#primaryimage"},"thumbnailUrl":"https:\/\/www.etappiaviisi.fi\/2-2025\/wp-content\/uploads\/sites\/7\/2025\/09\/2.-IMG_4249-scaled.png","datePublished":"2025-09-08T06:04:00+00:00","dateModified":"2025-09-29T10:20:35+00:00","author":{"@id":"https:\/\/www.etappiaviisi.fi\/2-2025\/#\/schema\/person\/d5e8ecc6c18403bdedb5ddbaa426d458"},"breadcrumb":{"@id":"https:\/\/www.etappiaviisi.fi\/2-2025\/kurikan-re-pisteella-oli-vilsketta-avajaispaivana\/#breadcrumb"},"inLanguage":"fi","potentialAction":[{"@type":"ReadAction","target":["https:\/\/www.etappiaviisi.fi\/2-2025\/kurikan-re-pisteella-oli-vilsketta-avajaispaivana\/"]}]},{"@type":"ImageObject","inLanguage":"fi","@id":"https:\/\/www.etappiaviisi.fi\/2-2025\/kurikan-re-pisteella-oli-vilsketta-avajaispaivana\/#primaryimage","url":"https:\/\/www.etappiaviisi.fi\/2-2025\/wp-content\/uploads\/sites\/7\/2025\/09\/2.-IMG_4249-scaled.png","contentUrl":"https:\/\/www.etappiaviisi.fi\/2-2025\/wp-content\/uploads\/sites\/7\/2025\/09\/2.-IMG_4249-scaled.png","width":2560,"height":1920},{"@type":"BreadcrumbList","@id":"https:\/\/www.etappiaviisi.fi\/2-2025\/kurikan-re-pisteella-oli-vilsketta-avajaispaivana\/#breadcrumb","itemListElement":[{"@type":"ListItem","position":1,"name":"Etusivu","item":"https:\/\/www.etappiaviisi.fi\/2-2025\/"},{"@type":"ListItem","position":2,"name":"Kurikan RE-pisteell\u00e4 oli vilskett\u00e4 avajaisp\u00e4iv\u00e4n\u00e4"}]},{"@type":"WebSite","@id":"https:\/\/www.etappiaviisi.fi\/2-2025\/#website","url":"https:\/\/www.etappiaviisi.fi\/2-2025\/","name":"Etappi-aviisi 2\/2025","description":"","potentialAction":[{"@type":"SearchAction","target":{"@type":"EntryPoint","urlTemplate":"https:\/\/www.etappiaviisi.fi\/2-2025\/?s={search_term_string}"},"query-input":{"@type":"PropertyValueSpecification","valueRequired":true,"valueName":"search_term_string"}}],"inLanguage":"fi"},{"@type":"Person","@id":"https:\/\/www.etappiaviisi.fi\/2-2025\/#\/schema\/person\/d5e8ecc6c18403bdedb5ddbaa426d458","name":"jaanahautala","url":"https:\/\/www.etappiaviisi.fi\/2-2025\/author\/jaanahautala\/"}]}},"_links":{"self":[{"href":"https:\/\/www.etappiaviisi.fi\/2-2025\/wp-json\/wp\/v2\/posts\/19","targetHints":{"allow":["GET"]}}],"collection":[{"href":"https:\/\/www.etappiaviisi.fi\/2-2025\/wp-json\/wp\/v2\/posts"}],"about":[{"href":"https:\/\/www.etappiaviisi.fi\/2-2025\/wp-json\/wp\/v2\/types\/post"}],"author":[{"embeddable":true,"href":"https:\/\/www.etappiaviisi.fi\/2-2025\/wp-json\/wp\/v2\/users\/10"}],"replies":[{"embeddable":true,"href":"https:\/\/www.etappiaviisi.fi\/2-2025\/wp-json\/wp\/v2\/comments?post=19"}],"version-history":[{"count":19,"href":"https:\/\/www.etappiaviisi.fi\/2-2025\/wp-json\/wp\/v2\/posts\/19\/revisions"}],"predecessor-version":[{"id":1022,"href":"https:\/\/www.etappiaviisi.fi\/2-2025\/wp-json\/wp\/v2\/posts\/19\/revisions\/1022"}],"wp:featuredmedia":[{"embeddable":true,"href":"https:\/\/www.etappiaviisi.fi\/2-2025\/wp-json\/wp\/v2\/media\/497"}],"wp:attachment":[{"href":"https:\/\/www.etappiaviisi.fi\/2-2025\/wp-json\/wp\/v2\/media?parent=19"}],"wp:term":[{"taxonomy":"category","embeddable":true,"href":"https:\/\/www.etappiaviisi.fi\/2-2025\/wp-json\/wp\/v2\/categories?post=19"},{"taxonomy":"post_tag","embeddable":true,"href":"https:\/\/www.etappiaviisi.fi\/2-2025\/wp-json\/wp\/v2\/tags?post=19"}],"curies":[{"name":"wp","href":"https:\/\/api.w.org\/{rel}","templated":true}]}}