{"id":25,"date":"2025-03-05T09:41:49","date_gmt":"2025-03-05T07:41:49","guid":{"rendered":"https:\/\/www.etappiaviisi.fi\/1-2025\/?p=25"},"modified":"2025-03-20T14:20:04","modified_gmt":"2025-03-20T12:20:04","slug":"biojatteen-erilliskerays-laajenee-toimialueella","status":"publish","type":"post","link":"https:\/\/www.etappiaviisi.fi\/1-2025\/biojatteen-erilliskerays-laajenee-toimialueella\/","title":{"rendered":"Bioj\u00e4tteen erillisker\u00e4ys laajenee edelleen toimialueella"},"content":{"rendered":"\n<p><\/p>\n\n\n\n<p>Uuden j\u00e4telain ja j\u00e4tehuoltom\u00e4\u00e4r\u00e4ysten mukainen bioj\u00e4tteen erillisker\u00e4yksen laajeneminen kaikille kiinteist\u00f6ille, joilla ei kompostoida, etenee Lakeuden Etapin toimialueella. Palvelu on nimelt\u00e4\u00e4n Spot Plus-palvelu. Maaliskuun lopulla Etapin astiapalvelu ryhtyy jakamaan kaksilokeroastioita omakoti- ja paritaloille sek\u00e4 3\u20134 huoneiston taloyhti\u00f6ille. Astiat jaetaan t\u00e4ss\u00e4 vaiheessa Kuortaneelle, Ylistaroon ja Nurmoon niille alueille, joilla kaksilokeroker\u00e4yst\u00e4 ei viel\u00e4 ole.<\/p>\n\n\n\n<p>Uusi Spot Plus -palvelu on jo k\u00e4ynniss\u00e4 Lapualla, Ilmajoella, kanta-Kurikassa ja Sein\u00e4joen kaupunkialueella. Palvelu laajenee koko toimialueelle vaiheittain vuoden 2026 kes\u00e4\u00e4n menness\u00e4.<\/p>\n\n\n\n<div class=\"wp-block-columns is-layout-flex wp-container-core-columns-is-layout-9d6595d7 wp-block-columns-is-layout-flex\">\n<div class=\"wp-block-column is-layout-flow wp-block-column-is-layout-flow\" style=\"flex-basis:100%\">\n<h2 class=\"wp-block-heading\">Taustalla lakimuutos ja kierr\u00e4tysasteen noston tavoite<\/h2>\n\n\n\n<p>Muutos perustuu vuonna 2021 voimaan tulleeseen uuteen j\u00e4telakiin ja alueellisiin j\u00e4tehuoltom\u00e4\u00e4r\u00e4yksiin, joiden mukaisesti bioj\u00e4tteiden erillisker\u00e4yst\u00e4 on lis\u00e4tt\u00e4v\u00e4 kierr\u00e4tyksen edist\u00e4miseksi. Etapissa p\u00e4\u00e4dyttiin laajempaan bioj\u00e4tteen ker\u00e4ysalueeseen kuin pelk\u00e4st\u00e4\u00e4n j\u00e4telain edellytt\u00e4miin isoihin taajamiin, koska siten saadaan nostettua kierr\u00e4tysastetta tehokkaammin ja tarjottua palvelut tasapuolisesti eri alueille.<\/p>\n\n\n\n<p>\u201dSpot Plus -kaksilokeroker\u00e4yksell\u00e4 bioj\u00e4tteen erillisker\u00e4yspalvelu pystyt\u00e4\u00e4n toteuttamaan koko toimialueelle ja my\u00f6s pienkiinteist\u00f6ille, joihin sit\u00e4 on asukkaiden taholta toivottukin\u201d, kertoo kehitys- ja ymp\u00e4rist\u00f6johtaja <strong>Mirva Hautala<\/strong>.<\/p>\n\n\n\n<figure class=\"wp-block-image alignleft size-large is-resized\"><img loading=\"lazy\" decoding=\"async\" width=\"1024\" height=\"683\" src=\"https:\/\/www.etappiaviisi.fi\/1-2025\/wp-content\/uploads\/sites\/6\/2025\/03\/Sivu-4-5-Pitkakankaat-pieni-1024x683.jpg\" alt=\"\" class=\"wp-image-317\" style=\"width:321px;height:auto\" srcset=\"https:\/\/www.etappiaviisi.fi\/1-2025\/wp-content\/uploads\/sites\/6\/2025\/03\/Sivu-4-5-Pitkakankaat-pieni-1024x683.jpg 1024w, https:\/\/www.etappiaviisi.fi\/1-2025\/wp-content\/uploads\/sites\/6\/2025\/03\/Sivu-4-5-Pitkakankaat-pieni-300x200.jpg 300w, https:\/\/www.etappiaviisi.fi\/1-2025\/wp-content\/uploads\/sites\/6\/2025\/03\/Sivu-4-5-Pitkakankaat-pieni-768x512.jpg 768w, https:\/\/www.etappiaviisi.fi\/1-2025\/wp-content\/uploads\/sites\/6\/2025\/03\/Sivu-4-5-Pitkakankaat-pieni-1536x1025.jpg 1536w\" sizes=\"(max-width: 1024px) 100vw, 1024px\" \/><\/figure>\n\n\n\n<p>Hautalan mukaan kaksilokeroj\u00e4rjestelm\u00e4ll\u00e4 j\u00e4tehuollon kustannukset saadaan pidetty\u00e4 asiakkaalle kohtuullisena. Tyhjennyshinnoissa on huomioitu my\u00f6s se, ett\u00e4 bioj\u00e4telokeron ei ole tarkoitus t\u00e4ytty\u00e4. Tyhjent\u00e4misteknisist\u00e4 syist\u00e4 lokerossa on v\u00e4ljyytt\u00e4 ja tilaa, jotta bioj\u00e4te irtoaa astiasta tyhjennett\u00e4ess\u00e4 eik\u00e4 esimerkiksi talvella j\u00e4\u00e4dy ja juutu niin helposti kiinni astiaan. Kes\u00e4ll\u00e4 syv\u00e4 lokero ehk\u00e4isee hajuhaittaa, kun bioj\u00e4te putoaa astian pohjalle eik\u00e4 kantta nostettaessa ole nen\u00e4n edess\u00e4.<\/p>\n<\/div>\n<\/div>\n\n\n\n<section class=\"block block-infobox box-narrow\">\n\t<div class=\"container\">\n\t\t\t\t\t<header class=\"infobox-header\">\n\t\t\t\t\n\t\t\t\t<h2 class=\"title h3\">N\u00e4in bioj\u00e4tteen erillisker\u00e4ys etenee:<\/h2>\t\t\t<\/header>\n\t\t\n\t\t\t\t\t<div class=\"columns grid-columns-1\">\n\t\t\t\t\t\t\t\t\t<div class=\"column\">\n\t\t\t\t\t\t\n\t\t\t\t\t\t<div class=\"content-wrapper\">\n\t\t\t\t\t\t\t\n\t\t\t\t\t\t\t\n\t\t\t\t\t\t\t\t\t\t\t\t\t\t\t<div class=\"content content-wysiwyg\">\n\t\t\t\t\t\t\t\t\t<ul>\n<li>Lapua, Ilmajoki, kanta-Kurikka: 1.4.2024 alkaen<!-- \/wp:list-item --> <!-- wp:list-item --><\/li>\n<li>Sein\u00e4joki keskustaajama: 1.7.2024 alkaen<!-- \/wp:list-item --> <!-- wp:list-item --><\/li>\n<li>Sein\u00e4joki, keskustaajaman ulkopuolinen alue (Ylistaro, Nurmon taajaman ulkopuoliset alueet), Kuortane: 1.5.2025 alkaen<!-- \/wp:list-item --> <!-- wp:list-item --><\/li>\n<li>Jalasj\u00e4rvi, Per\u00e4sein\u00e4joki: 1.1.2026 alkaen<!-- \/wp:list-item --> <!-- wp:list-item --><\/li>\n<li>Alavus, \u00c4ht\u00e4ri, Kihni\u00f6: 1.4.2026 alkaen<\/li>\n<\/ul>\n\t\t\t\t\t\t\t\t<\/div>\n\t\t\t\t\t\t\t\t\t\t\t\t\t<\/div>\n\t\t\t\t\t<\/div>\n\t\t\t\t\t\t\t<\/div>\n\t\t\t<\/div>\n<\/section>\n\n\n\n<p><strong><a href=\"https:\/\/www.etappi.com\/kysymyksia-ja-vastauksia-kaksilokerokerayksesta\/\" target=\"_blank\" rel=\"noreferrer noopener\">Lue t\u00e4\u00e4lt\u00e4 lis\u00e4\u00e4 tietoa kaksilokeroker\u00e4yksest\u00e4<\/a><\/strong><\/p>\n\n\n\n<section class=\"block block-accordion background-white\">\n\t<div class=\"container\">\n\t\t\n\t\t<div class=\"accordion-items\">\n\t\t\t\t\t\t\t<div class=\"accordion-item\">\n\t\t\t\t\t<h3 class=\"title accordion-title h5\">\n\t\t\t\t\t\t<button class=\"accordion-toggle\" id=\"button-accordion-1b77f--1\" aria-expanded=\"false\" aria-controls=\"panel-accordion-1b77f--1\" type=\"button\">\n\t\t\t\t\t\t\t<span class=\"toggle-title\">Kertaus j\u00e4telakimuutokseen<\/span>\n\t\t\t\t\t\t\t<span class=\"toggle-icon\" aria-hidden=\"true\"><\/span>\n\t\t\t\t\t\t<\/button>\n\t\t\t\t\t<\/h3>\n\n\t\t\t\t\t<div id=\"panel-accordion-1b77f--1\" aria-labelledby=\"button-accordion-1b77f--1\" class=\"accordion-panel\" role=\"region\">\n\t\t\t\t\t\t<div class=\"accordion-inner\">\n\t\t\t\t\t\t\t<div class=\"accordion-inner-wrap\">\n\t\t\t\t\t\t\t\t<div class=\"content-wrap\">\n\t\t\t\t\t\t\t\t\t\n\t\t\t\t\t\t\t\t\t<div class=\"content content-wysiwyg\">\n\t\t\t\t\t\t\t\t\t\t<p>Uuden j\u00e4telain ja asetuksen tavoitteena on, ett\u00e4 yhdyskuntaj\u00e4tteest\u00e4 valmisteltaisiin uudelleenk\u00e4ytt\u00f6\u00f6n tai kierr\u00e4tett\u00e4isiin 55 painoprosenttia vuonna 2025, 60 painoprosenttia vuonna 2030 ja 65 painoprosenttia vuonna 2035. Tavoitteiden saavuttaminen edellytt\u00e4\u00e4 kierr\u00e4tyskelpoisten j\u00e4tteiden tehokasta lajittelua ja erillisker\u00e4yst\u00e4 sek\u00e4 jatkok\u00e4sittely\u00e4 uusiomateriaaleiksi.<\/p>\n\t\t\t\t\t\t\t\t\t<\/div>\n\t\t\t\t\t\t\t\t<\/div>\n\t\t\t\t\t\t\t<\/div>\n\t\t\t\t\t\t<\/div>\n\t\t\t\t\t<\/div>\n\t\t\t\t<\/div>\n\t\t\t\t\t\t\t<div class=\"accordion-item\">\n\t\t\t\t\t<h3 class=\"title accordion-title h5\">\n\t\t\t\t\t\t<button class=\"accordion-toggle\" id=\"button-accordion-1b77f--2\" aria-expanded=\"false\" aria-controls=\"panel-accordion-1b77f--2\" type=\"button\">\n\t\t\t\t\t\t\t<span class=\"toggle-title\">Miksi bioj\u00e4tteen lajittelu on v\u00e4ltt\u00e4m\u00e4t\u00f6nt\u00e4?<\/span>\n\t\t\t\t\t\t\t<span class=\"toggle-icon\" aria-hidden=\"true\"><\/span>\n\t\t\t\t\t\t<\/button>\n\t\t\t\t\t<\/h3>\n\n\t\t\t\t\t<div id=\"panel-accordion-1b77f--2\" aria-labelledby=\"button-accordion-1b77f--2\" class=\"accordion-panel\" role=\"region\">\n\t\t\t\t\t\t<div class=\"accordion-inner\">\n\t\t\t\t\t\t\t<div class=\"accordion-inner-wrap\">\n\t\t\t\t\t\t\t\t<div class=\"content-wrap\">\n\t\t\t\t\t\t\t\t\t\n\t\t\t\t\t\t\t\t\t<div class=\"content content-wysiwyg\">\n\t\t\t\t\t\t\t\t\t\t<p>Bioj\u00e4tteen lajittelu on v\u00e4ltt\u00e4m\u00e4t\u00f6nt\u00e4 siksi, ett\u00e4 uuden j\u00e4telain ja j\u00e4tehuoltom\u00e4\u00e4r\u00e4ysten mukaan bioj\u00e4tteet on lajiteltava kaikilla kiinteist\u00f6ill\u00e4<br \/>\njoko kompostoimalla tai osallistumalla j\u00e4rjestettyyn erillisker\u00e4ykseen.<\/p>\n\t\t\t\t\t\t\t\t\t<\/div>\n\t\t\t\t\t\t\t\t<\/div>\n\t\t\t\t\t\t\t<\/div>\n\t\t\t\t\t\t<\/div>\n\t\t\t\t\t<\/div>\n\t\t\t\t<\/div>\n\t\t\t\t\t<\/div>\n\t<\/div>\n<\/section>\n","protected":false},"excerpt":{"rendered":"<p>Uuden j\u00e4telain ja j\u00e4tehuoltom\u00e4\u00e4r\u00e4ysten mukainen bioj\u00e4tteen erillisker\u00e4yksen laajeneminen kaikille kiinteist\u00f6ille, joilla ei kompostoida, etenee Lakeuden Etapin toimialueella.<\/p>\n","protected":false},"author":10,"featured_media":495,"comment_status":"closed","ping_status":"closed","sticky":false,"template":"","format":"standard","meta":{"_acf_changed":false,"footnotes":""},"categories":[9],"tags":[],"class_list":["post-25","post","type-post","status-publish","format-standard","has-post-thumbnail","hentry","category-jatelaki"],"acf":[],"yoast_head":"<!-- This site is optimized with the Yoast SEO plugin v27.5 - https:\/\/yoast.com\/product\/yoast-seo-wordpress\/ -->\n<title>Bioj\u00e4tteen erillisker\u00e4ys laajenee edelleen toimialueella - Etappi-aviisi 1\/2025<\/title>\n<meta name=\"robots\" content=\"index, follow, max-snippet:-1, max-image-preview:large, max-video-preview:-1\" \/>\n<link rel=\"canonical\" href=\"https:\/\/www.etappiaviisi.fi\/1-2025\/biojatteen-erilliskerays-laajenee-toimialueella\/\" \/>\n<meta property=\"og:locale\" content=\"fi_FI\" \/>\n<meta property=\"og:type\" content=\"article\" \/>\n<meta property=\"og:title\" content=\"Bioj\u00e4tteen erillisker\u00e4ys laajenee edelleen toimialueella - Etappi-aviisi 1\/2025\" \/>\n<meta property=\"og:description\" content=\"Uuden j\u00e4telain ja j\u00e4tehuoltom\u00e4\u00e4r\u00e4ysten mukainen bioj\u00e4tteen erillisker\u00e4yksen laajeneminen kaikille kiinteist\u00f6ille, joilla ei kompostoida, etenee Lakeuden Etapin toimialueella.\" \/>\n<meta property=\"og:url\" content=\"https:\/\/www.etappiaviisi.fi\/1-2025\/biojatteen-erilliskerays-laajenee-toimialueella\/\" \/>\n<meta property=\"og:site_name\" content=\"Etappi-aviisi 1\/2025\" \/>\n<meta property=\"article:published_time\" content=\"2025-03-05T07:41:49+00:00\" \/>\n<meta property=\"article:modified_time\" content=\"2025-03-20T12:20:04+00:00\" \/>\n<meta property=\"og:image\" content=\"https:\/\/www.etappiaviisi.fi\/1-2025\/wp-content\/uploads\/sites\/6\/2025\/03\/Kollaasit-2-1-1024x576.png\" \/>\n\t<meta property=\"og:image:width\" content=\"1024\" \/>\n\t<meta property=\"og:image:height\" content=\"576\" \/>\n\t<meta property=\"og:image:type\" content=\"image\/png\" \/>\n<meta name=\"author\" content=\"jaanahautala\" \/>\n<meta name=\"twitter:card\" content=\"summary_large_image\" \/>\n<meta name=\"twitter:label1\" content=\"Kirjoittanut\" \/>\n\t<meta name=\"twitter:data1\" content=\"jaanahautala\" \/>\n\t<meta name=\"twitter:label2\" content=\"Arvioitu lukuaika\" \/>\n\t<meta name=\"twitter:data2\" content=\"2 minuuttia\" \/>\n<script type=\"application\/ld+json\" class=\"yoast-schema-graph\">{\"@context\":\"https:\\\/\\\/schema.org\",\"@graph\":[{\"@type\":\"Article\",\"@id\":\"https:\\\/\\\/www.etappiaviisi.fi\\\/1-2025\\\/biojatteen-erilliskerays-laajenee-toimialueella\\\/#article\",\"isPartOf\":{\"@id\":\"https:\\\/\\\/www.etappiaviisi.fi\\\/1-2025\\\/biojatteen-erilliskerays-laajenee-toimialueella\\\/\"},\"author\":{\"name\":\"jaanahautala\",\"@id\":\"https:\\\/\\\/www.etappiaviisi.fi\\\/1-2025\\\/#\\\/schema\\\/person\\\/d5e8ecc6c18403bdedb5ddbaa426d458\"},\"headline\":\"Bioj\u00e4tteen erillisker\u00e4ys laajenee edelleen toimialueella\",\"datePublished\":\"2025-03-05T07:41:49+00:00\",\"dateModified\":\"2025-03-20T12:20:04+00:00\",\"mainEntityOfPage\":{\"@id\":\"https:\\\/\\\/www.etappiaviisi.fi\\\/1-2025\\\/biojatteen-erilliskerays-laajenee-toimialueella\\\/\"},\"wordCount\":270,\"image\":{\"@id\":\"https:\\\/\\\/www.etappiaviisi.fi\\\/1-2025\\\/biojatteen-erilliskerays-laajenee-toimialueella\\\/#primaryimage\"},\"thumbnailUrl\":\"https:\\\/\\\/www.etappiaviisi.fi\\\/1-2025\\\/wp-content\\\/uploads\\\/sites\\\/6\\\/2025\\\/03\\\/Kollaasit-2-1.png\",\"articleSection\":[\"J\u00e4telaki\"],\"inLanguage\":\"fi\"},{\"@type\":\"WebPage\",\"@id\":\"https:\\\/\\\/www.etappiaviisi.fi\\\/1-2025\\\/biojatteen-erilliskerays-laajenee-toimialueella\\\/\",\"url\":\"https:\\\/\\\/www.etappiaviisi.fi\\\/1-2025\\\/biojatteen-erilliskerays-laajenee-toimialueella\\\/\",\"name\":\"Bioj\u00e4tteen erillisker\u00e4ys laajenee edelleen toimialueella - Etappi-aviisi 1\\\/2025\",\"isPartOf\":{\"@id\":\"https:\\\/\\\/www.etappiaviisi.fi\\\/1-2025\\\/#website\"},\"primaryImageOfPage\":{\"@id\":\"https:\\\/\\\/www.etappiaviisi.fi\\\/1-2025\\\/biojatteen-erilliskerays-laajenee-toimialueella\\\/#primaryimage\"},\"image\":{\"@id\":\"https:\\\/\\\/www.etappiaviisi.fi\\\/1-2025\\\/biojatteen-erilliskerays-laajenee-toimialueella\\\/#primaryimage\"},\"thumbnailUrl\":\"https:\\\/\\\/www.etappiaviisi.fi\\\/1-2025\\\/wp-content\\\/uploads\\\/sites\\\/6\\\/2025\\\/03\\\/Kollaasit-2-1.png\",\"datePublished\":\"2025-03-05T07:41:49+00:00\",\"dateModified\":\"2025-03-20T12:20:04+00:00\",\"author\":{\"@id\":\"https:\\\/\\\/www.etappiaviisi.fi\\\/1-2025\\\/#\\\/schema\\\/person\\\/d5e8ecc6c18403bdedb5ddbaa426d458\"},\"breadcrumb\":{\"@id\":\"https:\\\/\\\/www.etappiaviisi.fi\\\/1-2025\\\/biojatteen-erilliskerays-laajenee-toimialueella\\\/#breadcrumb\"},\"inLanguage\":\"fi\",\"potentialAction\":[{\"@type\":\"ReadAction\",\"target\":[\"https:\\\/\\\/www.etappiaviisi.fi\\\/1-2025\\\/biojatteen-erilliskerays-laajenee-toimialueella\\\/\"]}]},{\"@type\":\"ImageObject\",\"inLanguage\":\"fi\",\"@id\":\"https:\\\/\\\/www.etappiaviisi.fi\\\/1-2025\\\/biojatteen-erilliskerays-laajenee-toimialueella\\\/#primaryimage\",\"url\":\"https:\\\/\\\/www.etappiaviisi.fi\\\/1-2025\\\/wp-content\\\/uploads\\\/sites\\\/6\\\/2025\\\/03\\\/Kollaasit-2-1.png\",\"contentUrl\":\"https:\\\/\\\/www.etappiaviisi.fi\\\/1-2025\\\/wp-content\\\/uploads\\\/sites\\\/6\\\/2025\\\/03\\\/Kollaasit-2-1.png\",\"width\":1920,\"height\":1080},{\"@type\":\"BreadcrumbList\",\"@id\":\"https:\\\/\\\/www.etappiaviisi.fi\\\/1-2025\\\/biojatteen-erilliskerays-laajenee-toimialueella\\\/#breadcrumb\",\"itemListElement\":[{\"@type\":\"ListItem\",\"position\":1,\"name\":\"Etusivu\",\"item\":\"https:\\\/\\\/www.etappiaviisi.fi\\\/1-2025\\\/\"},{\"@type\":\"ListItem\",\"position\":2,\"name\":\"Bioj\u00e4tteen erillisker\u00e4ys laajenee edelleen toimialueella\"}]},{\"@type\":\"WebSite\",\"@id\":\"https:\\\/\\\/www.etappiaviisi.fi\\\/1-2025\\\/#website\",\"url\":\"https:\\\/\\\/www.etappiaviisi.fi\\\/1-2025\\\/\",\"name\":\"Etappi-aviisi 1\\\/2025\",\"description\":\"\",\"potentialAction\":[{\"@type\":\"SearchAction\",\"target\":{\"@type\":\"EntryPoint\",\"urlTemplate\":\"https:\\\/\\\/www.etappiaviisi.fi\\\/1-2025\\\/?s={search_term_string}\"},\"query-input\":{\"@type\":\"PropertyValueSpecification\",\"valueRequired\":true,\"valueName\":\"search_term_string\"}}],\"inLanguage\":\"fi\"},{\"@type\":\"Person\",\"@id\":\"https:\\\/\\\/www.etappiaviisi.fi\\\/1-2025\\\/#\\\/schema\\\/person\\\/d5e8ecc6c18403bdedb5ddbaa426d458\",\"name\":\"jaanahautala\",\"url\":\"https:\\\/\\\/www.etappiaviisi.fi\\\/1-2025\\\/author\\\/jaanahautala\\\/\"}]}<\/script>\n<!-- \/ Yoast SEO plugin. -->","yoast_head_json":{"title":"Bioj\u00e4tteen erillisker\u00e4ys laajenee edelleen toimialueella - Etappi-aviisi 1\/2025","robots":{"index":"index","follow":"follow","max-snippet":"max-snippet:-1","max-image-preview":"max-image-preview:large","max-video-preview":"max-video-preview:-1"},"canonical":"https:\/\/www.etappiaviisi.fi\/1-2025\/biojatteen-erilliskerays-laajenee-toimialueella\/","og_locale":"fi_FI","og_type":"article","og_title":"Bioj\u00e4tteen erillisker\u00e4ys laajenee edelleen toimialueella - Etappi-aviisi 1\/2025","og_description":"Uuden j\u00e4telain ja j\u00e4tehuoltom\u00e4\u00e4r\u00e4ysten mukainen bioj\u00e4tteen erillisker\u00e4yksen laajeneminen kaikille kiinteist\u00f6ille, joilla ei kompostoida, etenee Lakeuden Etapin toimialueella.","og_url":"https:\/\/www.etappiaviisi.fi\/1-2025\/biojatteen-erilliskerays-laajenee-toimialueella\/","og_site_name":"Etappi-aviisi 1\/2025","article_published_time":"2025-03-05T07:41:49+00:00","article_modified_time":"2025-03-20T12:20:04+00:00","og_image":[{"width":1024,"height":576,"url":"https:\/\/www.etappiaviisi.fi\/1-2025\/wp-content\/uploads\/sites\/6\/2025\/03\/Kollaasit-2-1-1024x576.png","type":"image\/png"}],"author":"jaanahautala","twitter_card":"summary_large_image","twitter_misc":{"Kirjoittanut":"jaanahautala","Arvioitu lukuaika":"2 minuuttia"},"schema":{"@context":"https:\/\/schema.org","@graph":[{"@type":"Article","@id":"https:\/\/www.etappiaviisi.fi\/1-2025\/biojatteen-erilliskerays-laajenee-toimialueella\/#article","isPartOf":{"@id":"https:\/\/www.etappiaviisi.fi\/1-2025\/biojatteen-erilliskerays-laajenee-toimialueella\/"},"author":{"name":"jaanahautala","@id":"https:\/\/www.etappiaviisi.fi\/1-2025\/#\/schema\/person\/d5e8ecc6c18403bdedb5ddbaa426d458"},"headline":"Bioj\u00e4tteen erillisker\u00e4ys laajenee edelleen toimialueella","datePublished":"2025-03-05T07:41:49+00:00","dateModified":"2025-03-20T12:20:04+00:00","mainEntityOfPage":{"@id":"https:\/\/www.etappiaviisi.fi\/1-2025\/biojatteen-erilliskerays-laajenee-toimialueella\/"},"wordCount":270,"image":{"@id":"https:\/\/www.etappiaviisi.fi\/1-2025\/biojatteen-erilliskerays-laajenee-toimialueella\/#primaryimage"},"thumbnailUrl":"https:\/\/www.etappiaviisi.fi\/1-2025\/wp-content\/uploads\/sites\/6\/2025\/03\/Kollaasit-2-1.png","articleSection":["J\u00e4telaki"],"inLanguage":"fi"},{"@type":"WebPage","@id":"https:\/\/www.etappiaviisi.fi\/1-2025\/biojatteen-erilliskerays-laajenee-toimialueella\/","url":"https:\/\/www.etappiaviisi.fi\/1-2025\/biojatteen-erilliskerays-laajenee-toimialueella\/","name":"Bioj\u00e4tteen erillisker\u00e4ys laajenee edelleen toimialueella - Etappi-aviisi 1\/2025","isPartOf":{"@id":"https:\/\/www.etappiaviisi.fi\/1-2025\/#website"},"primaryImageOfPage":{"@id":"https:\/\/www.etappiaviisi.fi\/1-2025\/biojatteen-erilliskerays-laajenee-toimialueella\/#primaryimage"},"image":{"@id":"https:\/\/www.etappiaviisi.fi\/1-2025\/biojatteen-erilliskerays-laajenee-toimialueella\/#primaryimage"},"thumbnailUrl":"https:\/\/www.etappiaviisi.fi\/1-2025\/wp-content\/uploads\/sites\/6\/2025\/03\/Kollaasit-2-1.png","datePublished":"2025-03-05T07:41:49+00:00","dateModified":"2025-03-20T12:20:04+00:00","author":{"@id":"https:\/\/www.etappiaviisi.fi\/1-2025\/#\/schema\/person\/d5e8ecc6c18403bdedb5ddbaa426d458"},"breadcrumb":{"@id":"https:\/\/www.etappiaviisi.fi\/1-2025\/biojatteen-erilliskerays-laajenee-toimialueella\/#breadcrumb"},"inLanguage":"fi","potentialAction":[{"@type":"ReadAction","target":["https:\/\/www.etappiaviisi.fi\/1-2025\/biojatteen-erilliskerays-laajenee-toimialueella\/"]}]},{"@type":"ImageObject","inLanguage":"fi","@id":"https:\/\/www.etappiaviisi.fi\/1-2025\/biojatteen-erilliskerays-laajenee-toimialueella\/#primaryimage","url":"https:\/\/www.etappiaviisi.fi\/1-2025\/wp-content\/uploads\/sites\/6\/2025\/03\/Kollaasit-2-1.png","contentUrl":"https:\/\/www.etappiaviisi.fi\/1-2025\/wp-content\/uploads\/sites\/6\/2025\/03\/Kollaasit-2-1.png","width":1920,"height":1080},{"@type":"BreadcrumbList","@id":"https:\/\/www.etappiaviisi.fi\/1-2025\/biojatteen-erilliskerays-laajenee-toimialueella\/#breadcrumb","itemListElement":[{"@type":"ListItem","position":1,"name":"Etusivu","item":"https:\/\/www.etappiaviisi.fi\/1-2025\/"},{"@type":"ListItem","position":2,"name":"Bioj\u00e4tteen erillisker\u00e4ys laajenee edelleen toimialueella"}]},{"@type":"WebSite","@id":"https:\/\/www.etappiaviisi.fi\/1-2025\/#website","url":"https:\/\/www.etappiaviisi.fi\/1-2025\/","name":"Etappi-aviisi 1\/2025","description":"","potentialAction":[{"@type":"SearchAction","target":{"@type":"EntryPoint","urlTemplate":"https:\/\/www.etappiaviisi.fi\/1-2025\/?s={search_term_string}"},"query-input":{"@type":"PropertyValueSpecification","valueRequired":true,"valueName":"search_term_string"}}],"inLanguage":"fi"},{"@type":"Person","@id":"https:\/\/www.etappiaviisi.fi\/1-2025\/#\/schema\/person\/d5e8ecc6c18403bdedb5ddbaa426d458","name":"jaanahautala","url":"https:\/\/www.etappiaviisi.fi\/1-2025\/author\/jaanahautala\/"}]}},"_links":{"self":[{"href":"https:\/\/www.etappiaviisi.fi\/1-2025\/wp-json\/wp\/v2\/posts\/25","targetHints":{"allow":["GET"]}}],"collection":[{"href":"https:\/\/www.etappiaviisi.fi\/1-2025\/wp-json\/wp\/v2\/posts"}],"about":[{"href":"https:\/\/www.etappiaviisi.fi\/1-2025\/wp-json\/wp\/v2\/types\/post"}],"author":[{"embeddable":true,"href":"https:\/\/www.etappiaviisi.fi\/1-2025\/wp-json\/wp\/v2\/users\/10"}],"replies":[{"embeddable":true,"href":"https:\/\/www.etappiaviisi.fi\/1-2025\/wp-json\/wp\/v2\/comments?post=25"}],"version-history":[{"count":28,"href":"https:\/\/www.etappiaviisi.fi\/1-2025\/wp-json\/wp\/v2\/posts\/25\/revisions"}],"predecessor-version":[{"id":585,"href":"https:\/\/www.etappiaviisi.fi\/1-2025\/wp-json\/wp\/v2\/posts\/25\/revisions\/585"}],"wp:featuredmedia":[{"embeddable":true,"href":"https:\/\/www.etappiaviisi.fi\/1-2025\/wp-json\/wp\/v2\/media\/495"}],"wp:attachment":[{"href":"https:\/\/www.etappiaviisi.fi\/1-2025\/wp-json\/wp\/v2\/media?parent=25"}],"wp:term":[{"taxonomy":"category","embeddable":true,"href":"https:\/\/www.etappiaviisi.fi\/1-2025\/wp-json\/wp\/v2\/categories?post=25"},{"taxonomy":"post_tag","embeddable":true,"href":"https:\/\/www.etappiaviisi.fi\/1-2025\/wp-json\/wp\/v2\/tags?post=25"}],"curies":[{"name":"wp","href":"https:\/\/api.w.org\/{rel}","templated":true}]}}